{"id":1035,"date":"2016-03-18T09:36:10","date_gmt":"2016-03-18T08:36:10","guid":{"rendered":"http:\/\/www.art-en-jeu.ch\/home_wp\/?p=1035"},"modified":"2019-06-09T17:49:06","modified_gmt":"2019-06-09T16:49:06","slug":"jannis-kounellis","status":"publish","type":"post","link":"https:\/\/www.art-en-jeu.ch\/home_wp\/jannis-kounellis\/","title":{"rendered":"Jannis Kounellis"},"content":{"rendered":"<p><span style=\"color: #0000ff;\">Venise mai 2019<\/span><\/p>\n<p style=\"font-weight: 500;\"><a href=\"http:\/\/www.fondazioneprada.org\/\">Fondazione Prada<\/a> Ca&rsquo; Corner della Regina<\/p>\n<p>Jannis Kounellis 11 mai &#8211; 24 novembre 2019, premi\u00e8re r\u00e9trospective de l&rsquo;artiste apr\u00e8s son d\u00e9c\u00e8s en 2017.<\/p>\n<p>L\u2019exposition con\u00e7ue par Germano Celan d\u00e9bute en douceur avec deux espaces lat\u00e9raux pr\u00e9sentant des affiches et des catalogues anciens. Le palais lui-m\u00eames, son architecture, les fresques qui l&rsquo;ornent et l&rsquo;atmosph\u00e8re de ce b\u00e2timent voisin du grand Canal sont tr\u00e8s bien mis en valeur. Une salle dans l&rsquo;entresol est consacr\u00e9e \u00e0 des films et \u00e0 des entretiens avec l&rsquo;artiste.<\/p>\n<p>Enfin sur deux deux \u00e9tages sont d\u00e9ploy\u00e9es des installations importantes qui d\u00e9clinent les th\u00e8mes et les mat\u00e9riaux utilis\u00e9s par Kounellis: le charbon, l&rsquo;acier, la pierre, le verre, le tissu ou des toiles sur lesquelles il a peint des textes et des signes. Il n&rsquo;y a pas de performance, mais deux installations odorantes, l&rsquo;une de caf\u00e9 et l&rsquo;autre de grappa. La monumentalit\u00e9 des objets quotidiens et modestes, industriels ou naturels est mise en valeur de fa\u00e7on impressionnante. S&rsquo;il s&rsquo;agit de la premi\u00e8re r\u00e9trospective apr\u00e8s le d\u00e9c\u00e8s de l&rsquo;artiste, on peut se demander si ce n&rsquo;est pas aussi la derni\u00e8re, car qui aurait \u00e0 l&rsquo;avenir les moyens de monter une exposition d&rsquo;une telle ampleur? Ce qui m&rsquo;a frapp\u00e9 c&rsquo;est le contraste entre cette esth\u00e9tique et celle de l&rsquo;esprit de la biennale, peut-\u00eatre une derni\u00e8re chance de d\u00e9couvrir les oeuvres de cet artiste?<\/p>\n<div><\/div>\n<div>Esprit tr\u00e8s diff\u00e9rent de la biennale.<\/div>\n<p><span style=\"color: #ff0000;\">Monnaie de Paris\u00a0:\u00a0<em>Jannis Kounellis Brut. Attention exposition<\/em>\u00a0jusqu\u2019au 30 avril 2016.<\/span><\/p>\n<p>Repr\u00e9sentant \u00e9minent de l\u2019arte povera italien Iannis Kounellis est est n\u00e9 en Gr\u00e8ce en 1936 (d\u00e9c\u00e9d\u00e9 en f\u00e9vrier 2017), mais il vit en Italie depuis 1956. Il s\u2019est fait une sp\u00e9cialit\u00e9 dans les interventions dans des b\u00e2timents. On le voit ici dans les somptueux salons de la Monnaie de Paris intervenir avec maestria pour affirmer des contrastes vigoureux et mettre en valeur les mat\u00e9riaux sur lesquels il a b\u00e2ti son \u0153uvre. Le m\u00e9tal en feuilles, en poutre, la jute, les couvertures de laine, le verre, les bois de chantier, le charbon. Chantier justement, c\u2019est ce que sugg\u00e8re l\u2019affiche de l\u2019exposition dans ce contraste saisissant entre un site raffin\u00e9 et des mat\u00e9riaux bruts.<!--more-->\u00a0Alors que ces travaux paraissent d\u2019une singuli\u00e8re actualit\u00e9, un examen plus pr\u00e9cis montre qu\u2019ils datent souvent des ann\u00e9es 1960 ou du d\u00e9but des ann\u00e9es 1970, Viva Marat, 1969, la ballerine et le violoniste 1972 (<em>Sans titre. Da inventare sul posto<\/em>). Ils r\u00e9v\u00e8lent une singuli\u00e8re capacit\u00e9 \u00e0 se red\u00e9ployer, \u00e0 \u00eatre r\u00e9activ\u00e9 et \u00e0 rester pr\u00e9sents, actuels. En intervenant dans un lieu qui abrite encore une fonderie d\u2019art, Kounellis rend hommage aux \u00e9l\u00e9ments, mat\u00e9riaux impliqu\u00e9s dans ce type d\u2019activit\u00e9. Il s\u2019affirme comme peintre et r\u00e9cuse la notion d\u2019installation, consid\u00e9rant plut\u00f4t le lieu d\u2019exposition comme un th\u00e9\u00e2tre. Ainsi dans le premier salon, le spectateur est impressionn\u00e9 par huit immenses chevalets sur lesquels sont plac\u00e9es des plaques en acier,\u00a0<em>sans titre<\/em>, 2016. Ils apparaissent comme des acteurs sur \u00e9chasse. L\u2019exposition associe des \u00e9l\u00e9ments r\u00e9trospectifs et des pi\u00e8ces r\u00e9alis\u00e9es sp\u00e9cialement pour ce site. On pense aux travaux de tr\u00e8s nombreux artistes contemporains en la visitant. En d\u00e9couvrant un ensemble de sacs de jute pos\u00e9s au sol sur lesquels on a plac\u00e9 un tas de graines de tournesols, je me suis demand\u00e9 s\u2019il voulait \u00e9voquer Ai WeiWei, en fait il s\u2019agit d\u2019une \u0153uvre de 1969\u00a0!<\/p>\n","protected":false},"excerpt":{"rendered":"<p>Venise mai 2019 Fondazione Prada Ca&rsquo; Corner della Regina Jannis Kounellis 11 mai &#8211; 24 novembre 2019, premi\u00e8re r\u00e9trospective de l&rsquo;artiste apr\u00e8s son d\u00e9c\u00e8s en 2017. L\u2019exposition con\u00e7ue par Germano Celan d\u00e9bute en douceur avec deux espaces lat\u00e9raux pr\u00e9sentant des affiches et des catalogues anciens. Le palais lui-m\u00eames, son architecture, les fresques qui l&rsquo;ornent et [&hellip;]<\/p>\n","protected":false},"author":1,"featured_media":0,"comment_status":"closed","ping_status":"open","sticky":false,"template":"","format":"standard","meta":{"jetpack_post_was_ever_published":false,"_jetpack_newsletter_access":"","_jetpack_dont_email_post_to_subs":true,"_jetpack_newsletter_tier_id":0,"_jetpack_memberships_contains_paywalled_content":false,"_jetpack_memberships_contains_paid_content":false,"footnotes":"","jetpack_publicize_message":"","jetpack_publicize_feature_enabled":true,"jetpack_social_post_already_shared":true,"jetpack_social_options":{"image_generator_settings":{"template":"highway","default_image_id":0,"font":"","enabled":false},"version":2}},"categories":[23,54,19,35,22,1,8,34,36],"tags":[],"class_list":["post-1035","post","type-post","status-publish","format-standard","hentry","category-architecture","category-estampe","category-expositions","category-installations","category-musees","category-non-classe","category-peinture","category-sculpture","category-video"],"jetpack_publicize_connections":[],"jetpack_featured_media_url":"","jetpack_sharing_enabled":true,"jetpack_shortlink":"https:\/\/wp.me\/p5k6Rq-gH","jetpack_likes_enabled":true,"_links":{"self":[{"href":"https:\/\/www.art-en-jeu.ch\/home_wp\/wp-json\/wp\/v2\/posts\/1035","targetHints":{"allow":["GET"]}}],"collection":[{"href":"https:\/\/www.art-en-jeu.ch\/home_wp\/wp-json\/wp\/v2\/posts"}],"about":[{"href":"https:\/\/www.art-en-jeu.ch\/home_wp\/wp-json\/wp\/v2\/types\/post"}],"author":[{"embeddable":true,"href":"https:\/\/www.art-en-jeu.ch\/home_wp\/wp-json\/wp\/v2\/users\/1"}],"replies":[{"embeddable":true,"href":"https:\/\/www.art-en-jeu.ch\/home_wp\/wp-json\/wp\/v2\/comments?post=1035"}],"version-history":[{"count":6,"href":"https:\/\/www.art-en-jeu.ch\/home_wp\/wp-json\/wp\/v2\/posts\/1035\/revisions"}],"predecessor-version":[{"id":3119,"href":"https:\/\/www.art-en-jeu.ch\/home_wp\/wp-json\/wp\/v2\/posts\/1035\/revisions\/3119"}],"wp:attachment":[{"href":"https:\/\/www.art-en-jeu.ch\/home_wp\/wp-json\/wp\/v2\/media?parent=1035"}],"wp:term":[{"taxonomy":"category","embeddable":true,"href":"https:\/\/www.art-en-jeu.ch\/home_wp\/wp-json\/wp\/v2\/categories?post=1035"},{"taxonomy":"post_tag","embeddable":true,"href":"https:\/\/www.art-en-jeu.ch\/home_wp\/wp-json\/wp\/v2\/tags?post=1035"}],"curies":[{"name":"wp","href":"https:\/\/api.w.org\/{rel}","templated":true}]}}