{"id":1118,"date":"2016-06-02T15:48:47","date_gmt":"2016-06-02T14:48:47","guid":{"rendered":"http:\/\/www.art-en-jeu.ch\/home_wp\/?p=1118"},"modified":"2016-06-03T07:47:02","modified_gmt":"2016-06-03T06:47:02","slug":"fischli-weiss","status":"publish","type":"post","link":"https:\/\/www.art-en-jeu.ch\/home_wp\/fischli-weiss\/","title":{"rendered":"Calder et Fischli &#038; Weiss"},"content":{"rendered":"<p><span style=\"color: #ff0000;\">\u00a0Fondation Beyeler, Riehen. Alexander Calder &amp; Fischli \/Weiss jusqu&rsquo;au 4 septembre 2016<\/span><\/p>\n<p><span style=\"color: #ff0000;\"><span style=\"color: #000000;\">La sculpture n\u2019est pas toujours monumentale\u00a0! Elle peut \u00eatre faite de bouts de fils de fer et d\u2019air. C\u2019est la voie qu\u2019explora Alexander Calder (1898 &#8211; 1976). En 2004, la Fondation Beyeler avait pr\u00e9sent\u00e9\u00a0Calder et Miro\u00a0en explorant les lien amicaux et historiques \u00e9tablis entre les deux artistes. Cette fois, la fondation a choisi d\u2019associer une vaste pr\u00e9sentation d\u2019\u0153uvres de Calder avec un duo d\u2019artistes helv\u00e9tiques, au nom d\u2019une certaine affinit\u00e9 dans les pr\u00e9occupations de ces plasticiens avec leur illustre pr\u00e9d\u00e9cesseur. Celle-ci s\u2019exprime surtout dans le film qui rendit le duo c\u00e9l\u00e8bre \u00ab\u00a0le cours des choses\u00a0\u00bb, 1986 &#8211; 1987, mais il s\u2019av\u00e8re assez difficile de mettre en relation les deux d\u00e9marches.<\/span><\/span><!--more--><\/p>\n<hr \/>\n<p><span style=\"color: #ff0000;\">Tate Modern Fischli &amp; Weiss Flowers &amp; Questions. A Retrospective jusqu&rsquo;au 14 janvier 2007<\/span><\/p>\n<p>Apparues au d\u00e9but des ann\u00e9es 1980, les petites sculptures en terre intitul\u00e9es <em>Pl\u00f6tzlich diese \u00dcbersicht<\/em> (Soudain cette vue d&rsquo;ensemble) de Peter Fischli (1952) &amp; David Weiss (1947- 2012) ont fait sensation, la s\u00e9rie se poursuit jusqu&rsquo;\u00e0 aujourd&rsquo;hui. Figuratives, pos\u00e9es sur des socles, elles proposent des fragments du r\u00e9el, des sc\u00e8nes historiques ou quotidiennes. Cette interrogation sur la reproduction, recr\u00e9ation du r\u00e9el habite toutes leurs r\u00e9alisations quelle que soit la technique utilis\u00e9e.<\/p>\n<p>On d\u00e9couvre les photographies de grands formats r\u00e9unissant plusieurs th\u00e8mes pr\u00e9sent\u00e9s dans diff\u00e9rentes expositions sous la forme de tirages, de diapositives et de livres, les a\u00e9roports, les fleurs et les champignons, les villes du monde. Le film,\u00a0<em>Le cours des choses<\/em>, 1986-1987, est sans doute la r\u00e9alisation film\u00e9e la plus connue et la plus montr\u00e9e produite par des artistes contemporains, pr\u00e9sent\u00e9e notamment en 1992 dans le pavillon suisse de l&rsquo;exposition de S\u00e9ville, ici le film est projet\u00e9 simultan\u00e9ment avec un autre film qui montre la r\u00e9alisation des exp\u00e9riences, les essais qui pr\u00e9c\u00e8dent les prises de vue.<\/p>\n<p>On retrouve les sculptures en caoutchouc reproduisant des objets quotidiens. Enfin les derniers travaux en noir dans lesquels on distingue \u00e0 peine le sujet Fotografias, 2004- 2005. Chaque installation de Fischli &amp; Weiss rappelle une exposition, une sensation, une surprise, ici l&rsquo;\u00e9tonnement vient de les retrouver articul\u00e9es dans une dizaine de salles. On peut se demander pourquoi ils ont respect\u00e9 \u00e0 ce point le jeu de la r\u00e9trospective sans proposer de nouvelles installations, c&rsquo;est une vue d&rsquo;ensemble, un peu acc\u00e9l\u00e9r\u00e9e.<\/p>\n<p>Leurs travaux se caract\u00e9risent par leur humour, la r\u00e9flexion sur le r\u00e9el et sa reproduction, le jeu aussi, l&rsquo;absurdit\u00e9 de cette reproduction soigneuse. L&rsquo;exposition s&rsquo;ach\u00e8ve en point d&rsquo;exclamation sur une salle dans laquelle le personnel de montage semble avoir oubli\u00e9 son mat\u00e9riel, une installation qui rappelle le v\u00e9lo et le mat\u00e9riel de peinture abandonn\u00e9 sous un escalier du mus\u00e9e d&rsquo;art contemporain de Francfort, une s\u00e9rie de faux ready mades!.<\/p>\n<p>La Tate Modern propose du 1er au 3 d\u00e9cembre trois programmes de vid\u00e9os d&rsquo;artistes suisses \u00e0 l&rsquo;occasion de cette exposition. Fischli &amp; Weiss: Flowers &amp; Questions. A Retrospective jusqu&rsquo;au 14 janvier 2007 puis au mus\u00e9e d&rsquo;art moderne de la ville de Paris du 22 f\u00e9vrier au 13 mai 2007, au Kunsthaus de Zurich du 6 juin au 9 septembre 2007 et au Deichtorhallen de Hambourg du 16 novembre au 3 f\u00e9vrier 2008.<\/p>\n","protected":false},"excerpt":{"rendered":"<p>\u00a0Fondation Beyeler, Riehen. Alexander Calder &amp; Fischli \/Weiss jusqu&rsquo;au 4 septembre 2016 La sculpture n\u2019est pas toujours monumentale\u00a0! Elle peut \u00eatre faite de bouts de fils de fer et d\u2019air. C\u2019est la voie qu\u2019explora Alexander Calder (1898 &#8211; 1976). En 2004, la Fondation Beyeler avait pr\u00e9sent\u00e9\u00a0Calder et Miro\u00a0en explorant les lien amicaux et historiques \u00e9tablis [&hellip;]<\/p>\n","protected":false},"author":1,"featured_media":0,"comment_status":"closed","ping_status":"open","sticky":false,"template":"","format":"standard","meta":{"jetpack_post_was_ever_published":false,"_jetpack_newsletter_access":"","_jetpack_dont_email_post_to_subs":false,"_jetpack_newsletter_tier_id":0,"_jetpack_memberships_contains_paywalled_content":false,"_jetpack_memberships_contains_paid_content":false,"footnotes":"","jetpack_publicize_message":"","jetpack_publicize_feature_enabled":true,"jetpack_social_post_already_shared":true,"jetpack_social_options":{"image_generator_settings":{"template":"highway","default_image_id":0,"font":"","enabled":false},"version":2}},"categories":[9,37,19,35,22,1,63,34,36],"tags":[],"class_list":["post-1118","post","type-post","status-publish","format-standard","hentry","category-art-suisse","category-artistes-suisses","category-expositions","category-installations","category-musees","category-non-classe","category-photographie","category-sculpture","category-video"],"jetpack_publicize_connections":[],"jetpack_featured_media_url":"","jetpack_sharing_enabled":true,"jetpack_shortlink":"https:\/\/wp.me\/p5k6Rq-i2","jetpack_likes_enabled":true,"_links":{"self":[{"href":"https:\/\/www.art-en-jeu.ch\/home_wp\/wp-json\/wp\/v2\/posts\/1118","targetHints":{"allow":["GET"]}}],"collection":[{"href":"https:\/\/www.art-en-jeu.ch\/home_wp\/wp-json\/wp\/v2\/posts"}],"about":[{"href":"https:\/\/www.art-en-jeu.ch\/home_wp\/wp-json\/wp\/v2\/types\/post"}],"author":[{"embeddable":true,"href":"https:\/\/www.art-en-jeu.ch\/home_wp\/wp-json\/wp\/v2\/users\/1"}],"replies":[{"embeddable":true,"href":"https:\/\/www.art-en-jeu.ch\/home_wp\/wp-json\/wp\/v2\/comments?post=1118"}],"version-history":[{"count":6,"href":"https:\/\/www.art-en-jeu.ch\/home_wp\/wp-json\/wp\/v2\/posts\/1118\/revisions"}],"predecessor-version":[{"id":1157,"href":"https:\/\/www.art-en-jeu.ch\/home_wp\/wp-json\/wp\/v2\/posts\/1118\/revisions\/1157"}],"wp:attachment":[{"href":"https:\/\/www.art-en-jeu.ch\/home_wp\/wp-json\/wp\/v2\/media?parent=1118"}],"wp:term":[{"taxonomy":"category","embeddable":true,"href":"https:\/\/www.art-en-jeu.ch\/home_wp\/wp-json\/wp\/v2\/categories?post=1118"},{"taxonomy":"post_tag","embeddable":true,"href":"https:\/\/www.art-en-jeu.ch\/home_wp\/wp-json\/wp\/v2\/tags?post=1118"}],"curies":[{"name":"wp","href":"https:\/\/api.w.org\/{rel}","templated":true}]}}