{"id":1955,"date":"2017-09-04T09:54:13","date_gmt":"2017-09-04T08:54:13","guid":{"rendered":"http:\/\/www.art-en-jeu.ch\/home_wp\/?p=1955"},"modified":"2017-09-04T15:19:26","modified_gmt":"2017-09-04T14:19:26","slug":"sandrine-pelletier","status":"publish","type":"post","link":"https:\/\/www.art-en-jeu.ch\/home_wp\/sandrine-pelletier\/","title":{"rendered":"Sandrine Pelletier"},"content":{"rendered":"<p>Sandrine Pelletier, Restes, 2017, c\u00e9ramique, salle baroque du ch\u00e2teau de Gruy\u00e8res<\/p>\n<h3>Le ch\u00e2teau de Gruy\u00e8res et ses expositions artistiques. Sandrine Pelletier: <em>Foreign Accent<\/em> jusqu\u2019au 22 octobre 2017.<\/h3>\n<p>Gruy\u00e8res est connu comme village historique, touristique, enti\u00e8rement d\u00e9di\u00e9 aux restaurants et au commerce. Mais ce bourg poss\u00e8de aussi un mus\u00e9e et un caf\u00e9 Giger, un mus\u00e9e tib\u00e9tain et bien s\u00fbr le ch\u00e2teau qui a \u00e9t\u00e9 soigneusement restaur\u00e9.<\/p>\n<p>Depuis quelques ann\u00e9es des artistes contemporains sont invit\u00e9s \u00e0 d\u00e9voiler leurs cr\u00e9ations les plus r\u00e9centes au ch\u00e2teau. Deux salles du rez-de-chauss\u00e9e sont d\u00e9di\u00e9es aux expositions temporaires, la terrasse offre un site id\u00e9al pour la mise en espace de sculptures. Enfin les cr\u00e9ateurs peuvent aussi pr\u00e9senter en contrepoint leurs travaux dans les salles historiques.<\/p>\n<p>Sandrine Pelletier (n\u00e9e en 1976) empoigne les techniques les plus diverses avec ardeur.\u00a0Lavis, carton, bois br\u00fbl\u00e9 ou peint, c\u00e9ramique et verre lui sugg\u00e8rent des recherches sur les paroxysmes auxquels il est possible d\u2019exacerber les mati\u00e8res, les limites entre expression et disparition, un peu comme un lavis<!--more--> qui joue avec la suggestion de la repr\u00e9sentation d\u2019un espace ou son effacement. On la sent suspendue face au vertige de la cr\u00e9ation: produire, achever une image, un objet ou l&rsquo;an\u00e9antir?<\/p>\n<p>Elle a d\u2019abord frapp\u00e9 le public en utilisant le tissu et la broderie de fa\u00e7on in\u00e9dite. Elle semble attir\u00e9e par un univers fantastique, \u00e9trange, narratif. Ce n&rsquo;est pas sans raison qu&rsquo;on la rencontrait dans l&rsquo;exposition <em>Le retour des t\u00e9n\u00e8bres. L&rsquo;imaginaire gothique depuis Frankenstein<\/em>\u00a0au Mus\u00e9e Rath, d\u00e9but 2017 et qu&rsquo;on la retrouvera dans le cadre de BDFIL en septembre 2017 \u00e0 Lausanne. Utilisant diverses techniques, elle r\u00e9v\u00e8le aussi une grande r\u00e9ceptivit\u00e9 aux suggestions des processus en cours, au hasard. Ainsi avec le verre, elle ne cherche pas \u00e0 former, mais plut\u00f4t \u00e0 retenir, \u00e0 fixer la mati\u00e8re en fusion, en mouvement, tout en sugg\u00e9rant qu&rsquo;elle pourrait dispara\u00eetre. Au ch\u00e2teau de Gruy\u00e8res, elle affirme ses positions en prenant ses distances face aux espaces historiques meubl\u00e9s. En plus des deux salles d&rsquo;exposition, elle intervient dans huit salons et sur l&rsquo;esplanade.<\/p>\n<p>L\u2019activit\u00e9 de l\u2019artiste est effervescente et lui donne l\u2019opportunit\u00e9 de faire voisiner les mat\u00e9riaux qu\u2019elle explore avec des sites tr\u00e8s diff\u00e9rents.<\/p>\n<p>En ce moment on peut se laisser impressionner par l&rsquo;intervention monumentale 9.5 sur l\u2019\u00e9chelle de Luther \u00e0 l\u2019\u00e9glise Saint-Fran\u00e7ois \u00e0 Lausanne faites de deux grands vitraux et d&rsquo;\u00e9chelles br\u00fbl\u00e9es dispos\u00e9es dans tout l&rsquo;espace de l&rsquo;\u00e9difice.<\/p>\n<p>Elle occupe une salle de l&rsquo;exposition <em>Miroir Miroir<\/em> au Mudac jusqu\u2019au 1<sup>er<\/sup> octobre, elle participe \u00e0 la Triennale du Valais et on pourra appr\u00e9cier ses travaux au\u00a0Centre Pasquart \u00e0 Bienne du 21 septembre au 19 novembre 2017.<\/p>\n<p><a href=\"http:\/\/www.sandrinepelletier.com\">http:\/\/www.sandrinepelletier.com<\/a><\/p>\n<p>&nbsp;<\/p>\n","protected":false},"excerpt":{"rendered":"<p>Sandrine Pelletier, Restes, 2017, c\u00e9ramique, salle baroque du ch\u00e2teau de Gruy\u00e8res Le ch\u00e2teau de Gruy\u00e8res et ses expositions artistiques. Sandrine Pelletier: Foreign Accent jusqu\u2019au 22 octobre 2017. Gruy\u00e8res est connu comme village historique, touristique, enti\u00e8rement d\u00e9di\u00e9 aux restaurants et au commerce. Mais ce bourg poss\u00e8de aussi un mus\u00e9e et un caf\u00e9 Giger, un mus\u00e9e tib\u00e9tain [&hellip;]<\/p>\n","protected":false},"author":1,"featured_media":1971,"comment_status":"closed","ping_status":"open","sticky":false,"template":"","format":"standard","meta":{"jetpack_post_was_ever_published":false,"_jetpack_newsletter_access":"","_jetpack_dont_email_post_to_subs":false,"_jetpack_newsletter_tier_id":0,"_jetpack_memberships_contains_paywalled_content":false,"_jetpack_memberships_contains_paid_content":false,"footnotes":"","jetpack_publicize_message":"","jetpack_publicize_feature_enabled":true,"jetpack_social_post_already_shared":true,"jetpack_social_options":{"image_generator_settings":{"template":"highway","default_image_id":0,"font":"","enabled":false},"version":2}},"categories":[9,37,54,19,35,22,1,8,63,34,36],"tags":[],"class_list":["post-1955","post","type-post","status-publish","format-standard","has-post-thumbnail","hentry","category-art-suisse","category-artistes-suisses","category-estampe","category-expositions","category-installations","category-musees","category-non-classe","category-peinture","category-photographie","category-sculpture","category-video"],"jetpack_publicize_connections":[],"jetpack_featured_media_url":"https:\/\/i0.wp.com\/www.art-en-jeu.ch\/home_wp\/wp-content\/uploads\/2017\/09\/IMG_2575.jpg?fit=2448%2C3264&ssl=1","jetpack_sharing_enabled":true,"jetpack_shortlink":"https:\/\/wp.me\/p5k6Rq-vx","jetpack_likes_enabled":true,"_links":{"self":[{"href":"https:\/\/www.art-en-jeu.ch\/home_wp\/wp-json\/wp\/v2\/posts\/1955","targetHints":{"allow":["GET"]}}],"collection":[{"href":"https:\/\/www.art-en-jeu.ch\/home_wp\/wp-json\/wp\/v2\/posts"}],"about":[{"href":"https:\/\/www.art-en-jeu.ch\/home_wp\/wp-json\/wp\/v2\/types\/post"}],"author":[{"embeddable":true,"href":"https:\/\/www.art-en-jeu.ch\/home_wp\/wp-json\/wp\/v2\/users\/1"}],"replies":[{"embeddable":true,"href":"https:\/\/www.art-en-jeu.ch\/home_wp\/wp-json\/wp\/v2\/comments?post=1955"}],"version-history":[{"count":6,"href":"https:\/\/www.art-en-jeu.ch\/home_wp\/wp-json\/wp\/v2\/posts\/1955\/revisions"}],"predecessor-version":[{"id":1975,"href":"https:\/\/www.art-en-jeu.ch\/home_wp\/wp-json\/wp\/v2\/posts\/1955\/revisions\/1975"}],"wp:featuredmedia":[{"embeddable":true,"href":"https:\/\/www.art-en-jeu.ch\/home_wp\/wp-json\/wp\/v2\/media\/1971"}],"wp:attachment":[{"href":"https:\/\/www.art-en-jeu.ch\/home_wp\/wp-json\/wp\/v2\/media?parent=1955"}],"wp:term":[{"taxonomy":"category","embeddable":true,"href":"https:\/\/www.art-en-jeu.ch\/home_wp\/wp-json\/wp\/v2\/categories?post=1955"},{"taxonomy":"post_tag","embeddable":true,"href":"https:\/\/www.art-en-jeu.ch\/home_wp\/wp-json\/wp\/v2\/tags?post=1955"}],"curies":[{"name":"wp","href":"https:\/\/api.w.org\/{rel}","templated":true}]}}