{"id":2405,"date":"2018-03-17T22:47:36","date_gmt":"2018-03-17T21:47:36","guid":{"rendered":"http:\/\/www.art-en-jeu.ch\/home_wp\/?p=2405"},"modified":"2018-03-17T22:47:36","modified_gmt":"2018-03-17T21:47:36","slug":"ulla-von-brandenburg","status":"publish","type":"post","link":"https:\/\/www.art-en-jeu.ch\/home_wp\/ulla-von-brandenburg\/","title":{"rendered":"Ulla von Brandenburg"},"content":{"rendered":"<p><span style=\"color: #0000ff;\">Mus\u00e9e Jenisch Vevey 17 mars 2018<\/span> : <em>Ulla von Brandenburg. A Color Notation<\/em> jusqu\u2019au 21 mai 2018<\/p>\n<p>Depuis 2006, j\u2019ai rencontr\u00e9 \u00e0 plusieurs reprises les travaux d\u2019Ulla von Brandenburg (n\u00e9e \u00e0 Karlsruhe en 1974)\u00a0: \u00e0 la Kunsthalle de Zurich en 2006, on d\u00e9couvrait deux films et de grandes aquarelles. En 2011, elle frappait les visiteurs de la Biennale de Lyon en installant cinq grands rideaux de couleurs diff\u00e9rentes que le spectateur devait traverser avant d\u2019acc\u00e9der au \u00ab\u00a0th\u00e9\u00e2tre\u00a0\u00bb de l\u2019exposition.<\/p>\n<p>Elle a r\u00e9alis\u00e9 une grande peinture multicolore pour la r\u00e9ouverture du palais de Tokyo \u00e0 Paris en 2012. On a \u00e9galement pu visionner certains de ses films au Mamco \u00e0 Gen\u00e8ve en 2014.<\/p>\n<p>A la S\u00e9cesson \u00e0 Vienne en septembre 2013, l&rsquo;espace principal \u00e9tait occup\u00e9 par une grande installation th\u00e9\u00e2trale d&rsquo;Ulla von Brandenburg. Elle projetait un film en noir et blanc, intitul\u00e9 <em>Die Strasse <\/em>qui montre un personnage traversant une rue imaginaire et rencontrant des gens de tout \u00e2ge qui se livrent \u00e0 des activit\u00e9s qu\u2019il ne comprend pas. La bande son est chant\u00e9e. L\u2019artiste explique qu\u2019elle s\u2019inspire des traditions du carnaval dans la for\u00eat noire. Pour voir ce film on traverse l\u2019arri\u00e8re d\u2019une sc\u00e8ne ferm\u00e9e par un grand rideau rouge, on gravit, puis l\u2019on descend des gradins en bois tr\u00e8s raides. Le film et les gradins font penser au th\u00e9\u00e2tre antique.<\/p>\n<p>Ulla von Brandenburg est une artiste qui s\u2019exprime par tous les moyens d\u2019expression le th\u00e9\u00e2tre, le cin\u00e9ma, l\u2019installation en renouvelant la relation entre eux. Install\u00e9e \u00e0 Paris, elle affirme ses origines allemandes de la For\u00eat noire en montrant un vif int\u00e9r\u00eat pour les traditions populaires. Le chant, le r\u00e9cit parl\u00e9 forment un \u00e9l\u00e9ment essentiel dans ses r\u00e9alisations film\u00e9es, monumentales.<\/p>\n<p>On peut en ce moment la d\u00e9couvrir au mus\u00e9e Jenisch \u00e0 Vevey. Elle a construit un r\u00e9cit et une vaste sc\u00e9nographie color\u00e9e en hommage \u00e0 la m\u00e9c\u00e8ne, \u00e0 laquelle le mus\u00e9e doit son nom. Les murs des salles sont vides, ils sont couverts de grands tissus de six couleurs diff\u00e9rentes sur lesquels on devine les traces de tableaux qui auraient \u00e9t\u00e9 enlev\u00e9s. Les \u0153uvres sont au sol, de grandes aquarelles pos\u00e9es sur des estrades, on retrouve Fanny Jenisch et divers personnages qui ont marqu\u00e9 sa vie ou d\u2019autres sans aucun rapport. Dans le corridor un film \u00e9voque la propri\u00e9t\u00e9 des Jenisch \u00e0 Hambourg, alors qu\u2019\u00e0 l\u2019\u00e9tage un autre film pr\u00e9sente des tissus somptueux, \u00e9l\u00e9ment r\u00e9current dans les expositions de l\u2019artiste.<\/p>\n<p>&nbsp;<\/p>\n","protected":false},"excerpt":{"rendered":"<p>Mus\u00e9e Jenisch Vevey 17 mars 2018 : Ulla von Brandenburg. A Color Notation jusqu\u2019au 21 mai 2018 Depuis 2006, j\u2019ai rencontr\u00e9 \u00e0 plusieurs reprises les travaux d\u2019Ulla von Brandenburg (n\u00e9e \u00e0 Karlsruhe en 1974)\u00a0: \u00e0 la Kunsthalle de Zurich en 2006, on d\u00e9couvrait deux films et de grandes aquarelles. En 2011, elle frappait les visiteurs [&hellip;]<\/p>\n","protected":false},"author":1,"featured_media":0,"comment_status":"closed","ping_status":"open","sticky":false,"template":"","format":"standard","meta":{"jetpack_post_was_ever_published":false,"_jetpack_newsletter_access":"","_jetpack_dont_email_post_to_subs":false,"_jetpack_newsletter_tier_id":0,"_jetpack_memberships_contains_paywalled_content":false,"_jetpack_memberships_contains_paid_content":false,"footnotes":"","jetpack_publicize_message":"","jetpack_publicize_feature_enabled":true,"jetpack_social_post_already_shared":true,"jetpack_social_options":{"image_generator_settings":{"template":"highway","default_image_id":0,"font":"","enabled":false},"version":2}},"categories":[31,19,35,22,1,8,34,68,36],"tags":[],"class_list":["post-2405","post","type-post","status-publish","format-standard","hentry","category-cinema","category-expositions","category-installations","category-musees","category-non-classe","category-peinture","category-sculpture","category-theatre","category-video"],"jetpack_publicize_connections":[],"jetpack_featured_media_url":"","jetpack_sharing_enabled":true,"jetpack_shortlink":"https:\/\/wp.me\/p5k6Rq-CN","jetpack_likes_enabled":true,"_links":{"self":[{"href":"https:\/\/www.art-en-jeu.ch\/home_wp\/wp-json\/wp\/v2\/posts\/2405","targetHints":{"allow":["GET"]}}],"collection":[{"href":"https:\/\/www.art-en-jeu.ch\/home_wp\/wp-json\/wp\/v2\/posts"}],"about":[{"href":"https:\/\/www.art-en-jeu.ch\/home_wp\/wp-json\/wp\/v2\/types\/post"}],"author":[{"embeddable":true,"href":"https:\/\/www.art-en-jeu.ch\/home_wp\/wp-json\/wp\/v2\/users\/1"}],"replies":[{"embeddable":true,"href":"https:\/\/www.art-en-jeu.ch\/home_wp\/wp-json\/wp\/v2\/comments?post=2405"}],"version-history":[{"count":1,"href":"https:\/\/www.art-en-jeu.ch\/home_wp\/wp-json\/wp\/v2\/posts\/2405\/revisions"}],"predecessor-version":[{"id":2406,"href":"https:\/\/www.art-en-jeu.ch\/home_wp\/wp-json\/wp\/v2\/posts\/2405\/revisions\/2406"}],"wp:attachment":[{"href":"https:\/\/www.art-en-jeu.ch\/home_wp\/wp-json\/wp\/v2\/media?parent=2405"}],"wp:term":[{"taxonomy":"category","embeddable":true,"href":"https:\/\/www.art-en-jeu.ch\/home_wp\/wp-json\/wp\/v2\/categories?post=2405"},{"taxonomy":"post_tag","embeddable":true,"href":"https:\/\/www.art-en-jeu.ch\/home_wp\/wp-json\/wp\/v2\/tags?post=2405"}],"curies":[{"name":"wp","href":"https:\/\/api.w.org\/{rel}","templated":true}]}}