{"id":255,"date":"2014-10-26T20:57:24","date_gmt":"2014-10-26T19:57:24","guid":{"rendered":"http:\/\/www.art-en-jeu.ch\/home_wp\/?p=255"},"modified":"2014-10-27T20:30:03","modified_gmt":"2014-10-27T19:30:03","slug":"gustave-courbet","status":"publish","type":"post","link":"https:\/\/www.art-en-jeu.ch\/home_wp\/gustave-courbet\/","title":{"rendered":"Gustave Courbet"},"content":{"rendered":"<p>Gustave Courbet (1819 &#8211; 1877)<\/p>\n<p>Deux exposition \u00e0 Gen\u00e8ve au mus\u00e9e Rath et \u00e0 Riehen \u00e0 la Fondation Beyeler nous permettent de revenir sur la carri\u00e8re du peintre franc-comtois.<\/p>\n<p>Apr\u00e8s Paris, New York et Montpellier en 2007- 2008, la Fondation Beyeler et le mus\u00e9e d&rsquo;art et d&rsquo;histoire \u00e0 Gen\u00e8ve consacrent une exposition \u00e0 Gustave Courbet 7 septembre &#8211; 18 janvier 2015. En 1998 &#8211; 1999, le mus\u00e9e des beaux-arts de Lausanne avait \u00e9galement consacr\u00e9 une expositon au peintre franc-comtois. A Gen\u00e8ve, au mus\u00e9e Rath on d\u00e9couvre, Gustave Courbet. Les ann\u00e9es suisses jusqu&rsquo;au 4 janvier 2015.<\/p>\n<p>Une exposition qui documente non seulement les oeuvres produites en Suisse, mais aussi celles que Courbet avaient amen\u00e9es en Suisse et qu&rsquo;il exposa \u00e0 la Tour-de-Peilz. L&rsquo;exposition s&rsquo;appuie sur l&rsquo;inventaire apr\u00e8s d\u00e9c\u00e8s de l&rsquo;artiste que l&rsquo;on peut feuilleter sur \u00e9cran et qui porte notamment la signature du peintre Fran\u00e7ois Bocion.<\/p>\n<p>Ces deux expositions appartiennent \u00e0 deux approches tr\u00e8s diff\u00e9rentes: l&rsquo;une documente les ann\u00e9es suisses du peintre et s&rsquo;appuie sur des recherches d\u00e9but\u00e9es il y a une quarantaine d&rsquo;ann\u00e9es; l&rsquo;autre offre un v\u00e9ritable album d&rsquo;images d&rsquo;une soixantaine de belles toiles de Gustave Courbet. Elle montre tous les aspects de son activit\u00e9, autoportraits, nus et surtout paysages, \u00e0 l&rsquo;exception bien s\u00fbr des oeuvres monumentales, elle forme aussi un v\u00e9ritable tableau de chasse de la Fondation Beyeler qui a pu obtenir le pr\u00eat d&rsquo;oeuvres repr\u00e9sentatives.<\/p>\n<p><!--more--><\/p>\n<p>J&rsquo;ajoute \u00e0 cette page mon compte-rendu de l&rsquo;exposition de 2008 au Grand Palais.<\/p>\n<p>L&rsquo;exposition Gustave Courbet est pr\u00e9sent\u00e9e au mus\u00e9e Fabre de Montpellier jusqu&rsquo;au 28 septembre 2008. Gustave Courbet (1819 &#8211; 1877) -Du 13 octobre 2007 au 28 janvier 2008, les galeries du Grand Palais \u00e0 Paris ont pr\u00e9sent\u00e9 une vaste r\u00e9trospective Gustave Courbet. Le catalogue compte 219 num\u00e9ros parmi lesquels se trouvent une soixantaine de photographies de contemporains de Courbet qui permettent de faire des parall\u00e8les entre la vision du peintre et celle des photographes. A relever \u00e9galement la pr\u00e9sence de tirages noir-blanc monumentaux du photographe suisse Balthasar Burckhardt qui ont \u00e9t\u00e9 int\u00e9gr\u00e9s \u00e0 l&rsquo;exposition pour \u00e9voquer l&rsquo;influence de Courbet sur les g\u00e9n\u00e9rations d&rsquo;artistes qui lui ont succ\u00e9d\u00e9. L&rsquo;exposition sera pr\u00e9sent\u00e9e au Metropolitan Museum \u00e0 New York du 27 f\u00e9vrier au 18 mai et au mus\u00e9e Fabre \u00e0 Montpellier, qui gr\u00e2ce au legs Bruyas est l&rsquo;un des gros pr\u00eateurs de cette exposition, du 14 juin au 28 septembre 2008. L&rsquo;exposition du Grand Palais offre un v\u00e9ritable \u00ab\u00a0best of\u00a0\u00bb de la cr\u00e9ation de l&rsquo;artiste, on verra comment l&rsquo;exposition \u00e9voluera lors de sa derni\u00e8re \u00e9tape. Elle est divis\u00e9e en huit sections qui associent une approche th\u00e9matique et chronologique. De nombreuses (60) photographies d&rsquo;\u00e9poque qu&rsquo;il s&rsquo;agisse de portraits, de nus ou de paysages permettent d&rsquo;\u00e9tablir des relations entre la vision des photographes et celle du peintre. L&rsquo;exposition d\u00e9bute avec les autoportraits de l&rsquo;artiste pour saisir cette personnalit\u00e9 affirm\u00e9e et la fa\u00e7on dont il se met en sc\u00e8ne en particulier dans le D\u00e9sesp\u00e9r\u00e9 de 1844 &#8211; 45 et dans le Portrait de l&rsquo;artiste dit le Fou de peur de 1848. Puis l&rsquo;on passe \u00e0 ses premiers portraits qui prouvent comment il a su utiliser ses origines franc-comtoises pour affirmer son identit\u00e9 artistique. Le portrait de son p\u00e8re R\u00e9gis de 1843 ou celui de sa plus jeune soeur Juliette, 1844 ressortent tout particuli\u00e8rement et devant ce dernier on comprend le culte que Balthus portait \u00e0 Courbet. La troisi\u00e8me salle est consacr\u00e9e aux peintures manifestes Un enterrement \u00e0 Ornans et l&rsquo;Atelier de l&rsquo;artiste, sept ann\u00e9es de ma vie artistique. Cette toile en particulier est entour\u00e9e des portraits autonomes des personnages que l&rsquo;on retrouve dans l&rsquo;atelier Baudelaire, Champfleury et Alfred Bruyas notamment. Les photographies de Balthasar Burckhardt introduisent un intervalle contemporain pour \u00e9voquer tous les artistes d&rsquo;aujourd&rsquo;hui qui ont une dette \u00e0 l&rsquo;\u00e9gard de Courbet. L&rsquo;exposition se poursuit avec la pr\u00e9sentation du paysagiste, ce genre occupe une place centrale dans sa production et un ensemble important a \u00e9t\u00e9 retenu. On trouve l&rsquo;attachement du peintre au haut plateau franc-comtois, l&rsquo;exploration des sources de la Loue et en face cinq variations sur le th\u00e8me de La Vague qui datent de 1869. Avant la peinture de nu sont rassembl\u00e9s sous le titre La tentation moderne certains des chefs-d&rsquo;oeuvre de Courbet appartenant \u00e0 diverses p\u00e9riodes, le Portrait de Joseph Proudhon 1853, Les Demoiselles de la Seine, La Belle irlandaise, 1866 par exemple. Puis l&rsquo;on passe aux nus. L&rsquo;Origine du monde, 1866 est mise en relation avec des photographies obsc\u00e8nes pour le st\u00e9r\u00e9oscope r\u00e9alis\u00e9es au m\u00eame moment. la Femme au perroquet, la Femme \u00e0 la vague et le Sommeil en particulier permettent de d\u00e9couvrir les plus c\u00e9l\u00e8bres toiles de l&rsquo;artiste accroch\u00e9es l&rsquo;une \u00e0 c\u00f4t\u00e9 de l&rsquo;autre. Une grande salle est consacr\u00e9e aux sc\u00e8nes de chasse rappelant que Courbet \u00e9tait un chasseur passionn\u00e9. L&rsquo;exposition s&rsquo;ach\u00e8ve en \u00e9voquant la p\u00e9riode de la Commune, puis l&rsquo;exil avec les natures mortes impressionnantes faites pendant son emprisonnement \u00e0 Paris. Les truites et deux paysages du L\u00e9man \u00e9voquent les derni\u00e8res ann\u00e9es d&rsquo;exil du r\u00e9fugi\u00e9 venu s&rsquo;installer en Suisse.<\/p>\n","protected":false},"excerpt":{"rendered":"<p>Gustave Courbet (1819 &#8211; 1877) Deux exposition \u00e0 Gen\u00e8ve au mus\u00e9e Rath et \u00e0 Riehen \u00e0 la Fondation Beyeler nous permettent de revenir sur la carri\u00e8re du peintre franc-comtois. Apr\u00e8s Paris, New York et Montpellier en 2007- 2008, la Fondation Beyeler et le mus\u00e9e d&rsquo;art et d&rsquo;histoire \u00e0 Gen\u00e8ve consacrent une exposition \u00e0 Gustave Courbet [&hellip;]<\/p>\n","protected":false},"author":1,"featured_media":0,"comment_status":"closed","ping_status":"open","sticky":false,"template":"","format":"standard","meta":{"jetpack_post_was_ever_published":false,"_jetpack_newsletter_access":"","_jetpack_dont_email_post_to_subs":false,"_jetpack_newsletter_tier_id":0,"_jetpack_memberships_contains_paywalled_content":false,"_jetpack_memberships_contains_paid_content":false,"footnotes":"","jetpack_publicize_message":"","jetpack_publicize_feature_enabled":true,"jetpack_social_post_already_shared":false,"jetpack_social_options":{"image_generator_settings":{"template":"highway","default_image_id":0,"font":"","enabled":false},"version":2}},"categories":[9,19,1,8],"tags":[],"class_list":["post-255","post","type-post","status-publish","format-standard","hentry","category-art-suisse","category-expositions","category-non-classe","category-peinture"],"jetpack_publicize_connections":[],"jetpack_featured_media_url":"","jetpack_sharing_enabled":true,"jetpack_shortlink":"https:\/\/wp.me\/p5k6Rq-47","jetpack_likes_enabled":true,"_links":{"self":[{"href":"https:\/\/www.art-en-jeu.ch\/home_wp\/wp-json\/wp\/v2\/posts\/255","targetHints":{"allow":["GET"]}}],"collection":[{"href":"https:\/\/www.art-en-jeu.ch\/home_wp\/wp-json\/wp\/v2\/posts"}],"about":[{"href":"https:\/\/www.art-en-jeu.ch\/home_wp\/wp-json\/wp\/v2\/types\/post"}],"author":[{"embeddable":true,"href":"https:\/\/www.art-en-jeu.ch\/home_wp\/wp-json\/wp\/v2\/users\/1"}],"replies":[{"embeddable":true,"href":"https:\/\/www.art-en-jeu.ch\/home_wp\/wp-json\/wp\/v2\/comments?post=255"}],"version-history":[{"count":6,"href":"https:\/\/www.art-en-jeu.ch\/home_wp\/wp-json\/wp\/v2\/posts\/255\/revisions"}],"predecessor-version":[{"id":265,"href":"https:\/\/www.art-en-jeu.ch\/home_wp\/wp-json\/wp\/v2\/posts\/255\/revisions\/265"}],"wp:attachment":[{"href":"https:\/\/www.art-en-jeu.ch\/home_wp\/wp-json\/wp\/v2\/media?parent=255"}],"wp:term":[{"taxonomy":"category","embeddable":true,"href":"https:\/\/www.art-en-jeu.ch\/home_wp\/wp-json\/wp\/v2\/categories?post=255"},{"taxonomy":"post_tag","embeddable":true,"href":"https:\/\/www.art-en-jeu.ch\/home_wp\/wp-json\/wp\/v2\/tags?post=255"}],"curies":[{"name":"wp","href":"https:\/\/api.w.org\/{rel}","templated":true}]}}