{"id":3727,"date":"2020-04-15T10:19:30","date_gmt":"2020-04-15T09:19:30","guid":{"rendered":"http:\/\/www.art-en-jeu.ch\/home_wp\/?p=3727"},"modified":"2023-09-09T09:57:36","modified_gmt":"2023-09-09T08:57:36","slug":"markus-raetz","status":"publish","type":"post","link":"https:\/\/www.art-en-jeu.ch\/home_wp\/markus-raetz\/","title":{"rendered":"Markus Raetz\u00a0"},"content":{"rendered":"\n<h2 class=\"wp-block-heading\">Markus Raetz 1941 &#8211; 2020<\/h2>\n\n\n\n<p>Berne 8 septembre 2023<\/p>\n\n\n\n<p><strong>Markus Raetz oui non j<\/strong>usqu&rsquo;au 14 janvier 2024. <\/p>\n\n\n\n<p>Premi\u00e8re exposition des sculptures de l&rsquo;artiste apr\u00e8s son d\u00e9c\u00e8s la pr\u00e9sentation du mus\u00e9e de Berne occupe les salles de l&rsquo;ancien b\u00e2timent, au rez-de-chauss\u00e9e sont r\u00e9unies les oeuvres qui demandent au spectateur de bouger pour d\u00e9couvrir des images, des anamorphoses. Au premier \u00e9tage ce sont plut\u00f4t les oeuvres en mouvement avec une audacieuse tentative de reconstituer l&rsquo;atmosph\u00e8re de l&rsquo;atelier de l&rsquo;artiste o\u00f9 un fil de fer suspendu devient figure, l&rsquo;\u00e9vocation de l&rsquo;\u00e9ph\u00e9m\u00e8re, des nuages qui passent, de la lumi\u00e8re qui \u00e9volue, la po\u00e9sie au quotidien. Le catalogue de l&rsquo;exposition pr\u00e9sente ces photos d&rsquo;atelier. Par ailleurs cette exposition co\u00efncide avec la publication du catalogue raisonn\u00e9 des sculptures.<\/p>\n\n\n\n<p><strong>Markus Raetz, le reflet des mot<\/strong>s jusqu&rsquo;au 10 juillet 2022<\/p>\n\n\n\n<p>La Fondation Michalski \u00e0 Montricher, au pied du Jura, pr\u00e8s de Morges, pr\u00e9sente les travaux sur les mots et les anamorphoses auxquels l&rsquo;artiste a r\u00e9fl\u00e9chi tout au long de sa carri\u00e8re. Sous la forme de dessins, d&rsquo;estampes et, surtout \u00e0 la fin de sa carri\u00e8re, de sculptures. On d\u00e9couvre ainsi la permanence de r\u00e9flexions sur plusieurs d\u00e9cennies avant la concr\u00e9tisation d&rsquo;un projet dans l&rsquo;espace.<\/p>\n\n\n\n<h4 class=\"wp-block-heading\">Markus Raetz gravures et sculptures<\/h4>\n\n\n\n<p>A l&rsquo;occasion d&rsquo;une nouvelle \u00e9dition mise \u00e0 jour du catalogue des estampes de Markus Raetz (1941 &#8211; 2020), le mus\u00e9e des beaux-arts de Berne, puis le mus\u00e9e Jenisch \u00e0 Vevey annoncent une exposition des gravures et sculptures de Markus Raetz en 2014.<\/p>\n\n\n\n<p>Au mus\u00e9e de Berne cet ensemble de gravures de l&rsquo;artiste, compl\u00e9t\u00e9 par des sculptures et quelques carnets de croquis occupe tout le sous-sol jusqu&rsquo;au 18 mai 2014.<\/p>\n\n\n\n<p>Le catalogue raisonn\u00e9 recense plus de 350 estampes, une s\u00e9lection impressionnante couvrant les diff\u00e9rentes p\u00e9riodes cr\u00e9atrices de l&rsquo;artiste est propos\u00e9e. On d\u00e9couvre comment chez Raetz, la recherche artistique, ici en l&rsquo;occurence le travail avec les moyens de reproduction, est au service d&rsquo;une r\u00e9flexion plus large sur la repr\u00e9sentation, le mouvement, le regard et l&rsquo;oeil. Markus Raetz incarne \u00e0 mes yeux toute la diff\u00e9rence qui existe entre un cr\u00e9ateur obsessionnel qui fait un peu toujours la m\u00eame chose et un cr\u00e9ateur qui se pose toujours les m\u00eames questions, mais les traite de mani\u00e8re compl\u00e8tement diff\u00e9rente. Il aborde les questions fondamentales de la repr\u00e9sentation de la figure, du paysage, de la lumi\u00e8re et du mouvement, du point de vue, \u00e0 travers des techniques diverses et avec humour.<\/p>\n\n\n\n<h4 class=\"wp-block-heading\">Patrick Schaefer, l&rsquo;art en jeu 31 janvier 2014<\/h4>\n\n\n\n<p>B\u00e2le, mus\u00e9e des beaux-arts, Markus Raetz. dessins 20 octobre 2012 &#8211; 17 f\u00e9vrier 2013.<\/p>\n\n\n\n<p>Sculpteur, graveur et dessinateur, passionn\u00e9 par les illusions de la perspective et la repr\u00e9sentation du mouvement. Markus Raetz note constamment ses id\u00e9es dans des carnets, on recense plus de 30&rsquo;000 dessins \u00e0 ce jour. C&rsquo;est cette intensit\u00e9 du travail cr\u00e9ateur que l&rsquo;exposition tente de montrer en se concentrant sur des aspects moins vus dans les expositions ant\u00e9rieures consacr\u00e9es \u00e0 l&rsquo;artiste. Une large place est en effet consacr\u00e9e au paysage dans son travail et au ruban de Moebius. L&rsquo;exposition met en relation des travaux anciens et actuels. La premi\u00e8re salle est consacr\u00e9e \u00e0 une sculpture d&rsquo;apr\u00e8s Man Ray de 2004 &#8211; 2005 qui implique une mise en rotation de deux cylindres confront\u00e9s. Plus loin on retrouve des \u00e9tudes pour MIMI avec un mod\u00e8le en allumettes et des sc\u00e8nes de couples entre 1976 et 1989. On voit comment l&rsquo;artiste se positionne par rapport \u00e0 des mouvements ant\u00e9rieurs de l&rsquo;histoire de l&rsquo;art non seulement Duchamp et le surr\u00e9alisme, mais aussi le divisionnisme ou l&rsquo;art nouveau et le japonisme. On trouve Monika et les autoportraits de l&rsquo;artiste avant de d\u00e9couvrir les carnets d&rsquo;esquisses dans des vitrines. Un dessin anim\u00e9 de 1971 form\u00e9 de 1&rsquo;525 dessins est encore pr\u00e9sent\u00e9. Le travail avec les polaroids et les anamorphoses est \u00e9voqu\u00e9 dans les salles du rez-de-chauss\u00e9e. La fragilit\u00e9 et l&rsquo;\u00e9ph\u00e9m\u00e8re avec les dessins dans le sable et les compositions form\u00e9es de feuilles d&rsquo;eucalyptus. Une salle est en grande partie consacr\u00e9e \u00e0 l&rsquo;\u00e9vocation d&rsquo;un projet \u00e9ditorial de 1980&nbsp;<em>Impressions d&rsquo;Afrique<\/em>&nbsp;de Raymond Roussel et l&rsquo;exposition s&rsquo;ach\u00e8ve avec les travaux sur les lettres et la double lecture comme YES &#8211; NO.<\/p>\n\n\n\n<h6 class=\"wp-block-heading\">Patrick Schaefer, l&rsquo;art en jeu 17 d\u00e9cembre 2012<\/h6>\n\n\n\n<p>La Biblioth\u00e8que nationale de France consacre une exposition \u00e0 l&rsquo;oeuvre grav\u00e9 de Markus Raetz: Markus Raetz estampes \/ sculptures 8 novembre 2011 &#8211; 12 f\u00e9vrier 2012.<\/p>\n\n\n\n<p>Le Mamco propose une nouvelle s\u00e9rie de monographies associ\u00e9es \u00e0 l&rsquo;accrochage habituel de certaines salles Cosima von Bonin, Nina Childress, Mai-Thu Perret (Prix Manor) et Markus Raetz jusqu&rsquo;au 18 septembre 2011. Le dernier \u00e9tage est enti\u00e8rement consacr\u00e9 aux sculptures de Markus Raetz avec une pr\u00e9sentation qui associe des oeuvres depuis 1990 \u00e0 des d\u00e9veloppements r\u00e9cents. On retrouve les anamorphoses de t\u00eates, d&rsquo;objets, les jeux avec les mots oui et non, Alice, par exemple. La mise en mouvement par de petits moteurs de figures d\u00e9coup\u00e9es. La derni\u00e8re salle est consacr\u00e9e \u00e0 des mobiles qui \u00e9voquent la figure humaine ou des formes g\u00e9om\u00e9triques. (prolong\u00e9e jusqu&rsquo;au 2 octobre 2011)<\/p>\n\n\n\n<p>Markus Raetz figure dans l&rsquo;exposition des galeries nationales du Grand Palais: Une image peut en cacher une autre: Archimboldo, Magritte, Dali, Raetz entre autres (commissaire Jean Hubert Martin) 8 avril &#8211; 6 juillet 2009. La derni\u00e8re salle de l&rsquo;exposition est enti\u00e8rement consacr\u00e9e \u00e0 ses sculptures qui jouent sur l&rsquo;anamorphose.<\/p>\n\n\n\n<p>Pr\u00e9sentation de l&rsquo;anamorphose oui &#8211; non \u00e0 Gen\u00e8ve:&nbsp;<a href=\"http:\/\/www.fondationbarbour.ch\/culture_projetsencours_Raetz_video.php\" target=\"_blank\" rel=\"noreferrer noopener\">http:\/\/www.fondationbarbour.ch\/culture_projetsencours_Raetz_video.php<\/a><\/p>\n\n\n\n<p>Un film de 75 &lsquo; d&rsquo;<a href=\"http:\/\/schumacherfrey.ch\/\" target=\"_blank\" rel=\"noreferrer noopener\">Iwan Schumacher<\/a>&nbsp;consacr\u00e9 \u00e0 Markus Raetz sort en septembre 2007<\/p>\n\n\n\n<p>Carr\u00e9 d&rsquo;art \u00e0 N\u00eemes propose 196 oeuvres de Markus Raetz jusqu&rsquo;au 7 mai 2006<\/p>\n\n\n\n<h4 class=\"wp-block-heading\">Aarau, Kunsthaus<\/h4>\n\n\n\n<p>Markus Raetz&nbsp;<em>Nothing is lighter than light&nbsp;<\/em>jusqu&rsquo;au 28 ao\u00fbt 2005.<\/p>\n\n\n\n<p>Cette exposition reprend l&rsquo;exposition du centre europ\u00e9en de la photographie pr\u00e9sent\u00e9e \u00e0 Paris en 2002, avec quelques compl\u00e9ments et une nouvelle sculpture. Elle met en \u00e9vidence l&rsquo;importance des proc\u00e9d\u00e9s photographiques, qu&rsquo;il s&rsquo;agisse d&rsquo;h\u00e9liogravures ou de polaro\u00efds, dans l&rsquo;oeuvre d&rsquo;un artiste qui n&rsquo;est pas photographe.<\/p>\n\n\n\n<h4 class=\"wp-block-heading\">Markus Raetz \u00ab\u00a0Nothing is lighter than light\u00a0\u00bb Maison europ\u00e9enne de la photographie du 13 d\u00e9cembre 2002 au 9 mars 2003<\/h4>\n\n\n\n<p>Pour Markus Raetz les expositions sont une grande installation qui lui permet de mettre en \u00e9vidence divers aspects de son travail en confrontant des p\u00e9riodes et des techniques diff\u00e9rentes. Il est ainsi passionnant de d\u00e9couvrir d&rsquo;une exposition \u00e0 l&rsquo;autre quel regard, quel aspect de son oeuvre il propose de souligner. En investissant un lieu d\u00e9di\u00e9 \u00e0 la photographie, il fait d\u00e9couvrir l&rsquo;alchimie de son travail, car pour lui la photographie tout en lui offrant l&rsquo;occasion de poser les probl\u00e8mes fondamentaux de la repr\u00e9sentation est aussi un instrument de travail essentiel avec lequel fixer l&rsquo;\u00e9ph\u00e9m\u00e8re et d\u00e9velopper des id\u00e9es, en s&rsquo;appuyant sur les \u00e9tapes ant\u00e9rieures enregistr\u00e9es par un polaro\u00efd. C&rsquo;est du moins ce qui appara\u00eet dans cette exposition.<\/p>\n\n\n\n<p>Elle s\u2019\u00e9tend sur trois \u00e9tages. Les deux salles principales sont au deuxi\u00e8me \u00e9tage. Dans un ordre partiellement chronologique l\u2019artiste pr\u00e9sente, par le dessin, la photographie, la sculpture certains th\u00e8mes r\u00e9currents. On d\u00e9couvre ainsi le rapport au portrait avec l\u2019\u00e9vocation de figures c\u00e9l\u00e8bres, des ic\u00f4nes, comme Elvis ou Marilyn qui aboutit finalement \u00e0 un travail sur l&rsquo;\u00e9crivain Robert Walser. Le portrait, mais aussi l\u2019\u00e9vocation du corps de la femme sont montr\u00e9s ici sous diff\u00e9rentes formes. La photographie, et au sens plus large, l\u2019image comme reflet et comme construction, reproduction, projection sont au coeur des recherches de Markus Raetz.<\/p>\n\n\n\n<p>Une \u0153uvre embl\u00e9matique que l\u2019on retrouve dans ses expositions est&nbsp;<em>Zeemannsblik<\/em>, 1987, il s&rsquo;agit d&rsquo;une plaque de zinc ondul\u00e9e pour marquer une ligne d\u2019horizon, non peinte, qui selon la lumi\u00e8re, la distance renvoie des effets de paysages tr\u00e8s diff\u00e9rents; plac\u00e9e \u00e0 l\u2019extr\u00e9mit\u00e9 d\u2019un long corridor elle fonctionne tr\u00e8s bien ici. Diff\u00e9rentes variations sur ce th\u00e8me sont encore pr\u00e9sent\u00e9es qui permettent d\u2019associer paysages, horizon et profil. Le premier \u00e9tage est consacr\u00e9 aux relations entre l&rsquo;image mobile, immobile, apr\u00e8s la&nbsp;<em>Roue de Hecht<\/em>, des photos de visages sur une roue qui tourne, on d\u00e9couvre un dessin anim\u00e9&nbsp;<em>Eben<\/em>, 1971 form\u00e9 de 1525 dessins. Une autre \u0153uvre-clef&nbsp;<em>Drehungen<\/em>, 1982, 16 photographies noir et blanc qui sugg\u00e8rent le mouvement d\u2019une t\u00eate, est pr\u00e9sent\u00e9e dans un espace sp\u00e9cialement construit pour ce travail. Elle est pr\u00e9c\u00e9d\u00e9e par une s\u00e9rie de figures model\u00e9es en terre et fix\u00e9es par un polaro\u00efd intitul\u00e9e&nbsp;<em>Rampeurs<\/em>, 1981. Il faut encore signaler plusieurs travaux sur de petits \u00e9crans, notamment&nbsp;<em>Daumkino<\/em>. Enfin au sous-sol&nbsp;<em>Kopflose M\u00fchle<\/em>, 2002 une r\u00e9alisation nouvelle, consacr\u00e9e au vide, au plein, au profil, avec des silhouettes de visages taill\u00e9es dans des plaques de m\u00e9tal en mouvement est pr\u00e9sent\u00e9e.<\/p>\n\n\n\n<p>En exposant \u00e0 la maison europ\u00e9enne de la photographie, Markus Raetz \u00e9tait amen\u00e9 \u00e0 mettre en \u00e9vidence le r\u00f4le de cette technique dans son travail. On voit ainsi qu\u2019il utilise les polaro\u00efds comme documents qui permettent de fixer un moment d\u2019une recherche. Ils permettent aussi d\u2019\u00e9laborer les s\u00e9quences de son travail. Par ailleurs l&rsquo;exposition-installation permet une r\u00e9flexion tr\u00e8s dense sur la repr\u00e9sentation, la perception du spectateur, les m\u00e9thodes de construction de l&rsquo;image, enregistrement, r\u00e9fl\u00e9chissement, projection. Il faut encore ajouter la relation au temps, \u00e9ph\u00e9m\u00e8re, passager, fix\u00e9, immobile, en mouvement.<\/p>\n\n\n\n<p>Markus Raetz est pr\u00e9sent\u00e9 \u00e0 Paris \u00e0 la Maison europ\u00e9enne de la photographie jusqu&rsquo;au 9 mars 2003.<\/p>\n\n\n\n<h4 class=\"wp-block-heading\">Patrick Schaefer, L&rsquo;art en jeu, 26 f\u00e9vrier 2003<\/h4>\n\n\n\n<h4 class=\"wp-block-heading\">Centre Pasquart Markus Raetz jusqu\u2019au 2 septembre 2001<\/h4>\n\n\n\n<h4 class=\"wp-block-heading\">R\u00e9trospective et mises en perspective de Markus Raetz<\/h4>\n\n\n\n<p>Pour commencer quelques mots-clefs qui permettent de caract\u00e9riser les \u0153uvres et l\u2019option de travail de Markus Raetz: Observer\/ construire\/ \u00e9couter\/ l\u00e9ger\/ \u00e9ph\u00e9m\u00e8re\/ dessin\/ trait\/ ligne\/ spirale\/ perception\/ interpr\u00e9tation\/ sens\/ signification\/ id\u00e9e\/ r\u00e9alisation\/ humour\/ jeu\/ mouvement\/ anamorphose\/ espace.<\/p>\n\n\n\n<p>Depuis la fin des ann\u00e9es 1960 Markus Raetz est une figure importante de l\u2019art suisse. Il a effectu\u00e9 des s\u00e9jours \u00e0 l\u2019\u00e9tranger et son travail a \u00e9t\u00e9 montr\u00e9 \u00e0 Amsterdam, New York, Londres et Valence notamment. Il associe la mise en valeur du dessin comme instrument de recherche et de perception avec des travaux qui rel\u00e8vent de l\u2019art conceptuel et cin\u00e9tique.<\/p>\n\n\n\n<p>Les nouveaux espaces du CentrePasquArt \u00e0 Bienne ont des caract\u00e9ristiques bien distinctes. Au premier \u00e9tage, une enfilade de salles aboutit \u00e0 une pi\u00e8ce rectangulaire, \u00e9troite et tr\u00e8s allong\u00e9e. C\u2019est dans cette salle que Markus Raetz a plac\u00e9 ses travaux les plus r\u00e9cents d\u00e9di\u00e9s au mouvement r\u00e9el.<\/p>\n\n\n\n<p>Deux plaques \u00e9lectriques chauffantes fonctionnent. Au-dessus, bien plus haut, on d\u00e9couvre divers \u00e9l\u00e9ments m\u00e9talliques dispos\u00e9s en spirale dans lesquels on peut percevoir un visage. Ils sont mis en mouvement par la chaleur. Le long d\u2019un mur, \u00e0 quelques centim\u00e8tres de distance, un nombre consid\u00e9rable de figures, form\u00e9es de plumes, de fils de fer, d\u2019\u00e9l\u00e9ments en plastique, dansent ou se meuvent plus ou moins vite. L\u2019artiste, cr\u00e9ant une foule de personnages intrigants, a rassembl\u00e9 dans cette frise un r\u00e9sum\u00e9 de ses pr\u00e9occupations sur la ligne dans l\u2019espace et le mouvement, car ce dernier qu\u2019il soit r\u00e9el ou virtuel le passionne.<\/p>\n\n\n\n<p>Markus Raetz met en perspective, en r\u00e9trospective des travaux r\u00e9cents ou tr\u00e8s anciens dans cette exposition du CentrePasquArt. Dessins, aquarelles, jeux de mots sont pr\u00e9sent\u00e9s aux cimaises et dans des vitrines. Ils retracent le cheminement d&rsquo;une r\u00e9flexion plastique qui poursuit depuis 40 ans les m\u00eames questions en renouvelant leur formulation.<\/p>\n\n\n\n<p>Au second \u00e9tage, une grande salle presque carr\u00e9e l\u2019a conduit \u00e0 rassembler les diverses sculptures \u00e9dit\u00e9es en bronze qu\u2019il a d\u00e9velopp\u00e9es en cr\u00e9ant des anamorphoses. Mickey Mouse, la pipe de Magritte, le li\u00e8vre et le chapeau de Beuys, en particulier.<\/p>\n\n\n\n<p>L\u2019\u0153uvre de Raetz est discr\u00e8te, po\u00e9tique, \u00e9ph\u00e9m\u00e8re parfois; elle varie selon l\u2019instant. Les mots d\u00e9signent, expriment, affirment, chez Raetz comme chez&nbsp;<a href=\"magritte.html\">Magritte<\/a>ou chez Edward Ruscha, ils prennent possession de l&rsquo;espace r\u00e9el, cr\u00e9\u00e9 par l&rsquo;artiste.<\/p>\n\n\n\n<p>Pour fixer l&rsquo;instable, le passager, l&rsquo;\u00e9ph\u00e9m\u00e8re des photographies de Jennifer Gough-Cooper accompagnent l\u2019exposition (The domain of M. R. as seen by Jennifer Gough-Cooper, a photographic essay).<\/p>\n\n\n\n<p>On retrouve ces photographies dans un coffret qui accompagne l&rsquo;exposition et comprend en plus la reproduction de 80 dessins, les photographies de 26 sculptures et un texte de Andreas Meier, \u00ab\u00a0Ah-Oh, les mots m\u00e9tamorphos\u00e9s et les travaux linguistiques\u00a0\u00bb.<\/p>\n\n\n\n<h4 class=\"wp-block-heading\">Patrick Schaefer, L\u2019art en jeu, 27 juin 2001.<\/h4>\n","protected":false},"excerpt":{"rendered":"<p>Markus Raetz 1941 &#8211; 2020 Berne 8 septembre 2023 Markus Raetz oui non jusqu&rsquo;au 14 janvier 2024. Premi\u00e8re exposition des sculptures de l&rsquo;artiste apr\u00e8s son d\u00e9c\u00e8s la pr\u00e9sentation du mus\u00e9e de Berne occupe les salles de l&rsquo;ancien b\u00e2timent, au rez-de-chauss\u00e9e sont r\u00e9unies les oeuvres qui demandent au spectateur de bouger pour d\u00e9couvrir des images, des [&hellip;]<\/p>\n","protected":false},"author":1,"featured_media":0,"comment_status":"closed","ping_status":"open","sticky":false,"template":"","format":"standard","meta":{"jetpack_post_was_ever_published":false,"_jetpack_newsletter_access":"","_jetpack_dont_email_post_to_subs":false,"_jetpack_newsletter_tier_id":0,"_jetpack_memberships_contains_paywalled_content":false,"_jetpack_memberships_contains_paid_content":false,"footnotes":"","jetpack_publicize_message":"","jetpack_publicize_feature_enabled":true,"jetpack_social_post_already_shared":true,"jetpack_social_options":{"image_generator_settings":{"template":"highway","default_image_id":0,"font":"","enabled":false},"version":2}},"categories":[9,37,31,54,19,35,22,1,8,63,34,36],"tags":[],"class_list":["post-3727","post","type-post","status-publish","format-standard","hentry","category-art-suisse","category-artistes-suisses","category-cinema","category-estampe","category-expositions","category-installations","category-musees","category-non-classe","category-peinture","category-photographie","category-sculpture","category-video"],"jetpack_publicize_connections":[],"jetpack_featured_media_url":"","jetpack_sharing_enabled":true,"jetpack_shortlink":"https:\/\/wp.me\/p5k6Rq-Y7","jetpack_likes_enabled":true,"_links":{"self":[{"href":"https:\/\/www.art-en-jeu.ch\/home_wp\/wp-json\/wp\/v2\/posts\/3727","targetHints":{"allow":["GET"]}}],"collection":[{"href":"https:\/\/www.art-en-jeu.ch\/home_wp\/wp-json\/wp\/v2\/posts"}],"about":[{"href":"https:\/\/www.art-en-jeu.ch\/home_wp\/wp-json\/wp\/v2\/types\/post"}],"author":[{"embeddable":true,"href":"https:\/\/www.art-en-jeu.ch\/home_wp\/wp-json\/wp\/v2\/users\/1"}],"replies":[{"embeddable":true,"href":"https:\/\/www.art-en-jeu.ch\/home_wp\/wp-json\/wp\/v2\/comments?post=3727"}],"version-history":[{"count":6,"href":"https:\/\/www.art-en-jeu.ch\/home_wp\/wp-json\/wp\/v2\/posts\/3727\/revisions"}],"predecessor-version":[{"id":4885,"href":"https:\/\/www.art-en-jeu.ch\/home_wp\/wp-json\/wp\/v2\/posts\/3727\/revisions\/4885"}],"wp:attachment":[{"href":"https:\/\/www.art-en-jeu.ch\/home_wp\/wp-json\/wp\/v2\/media?parent=3727"}],"wp:term":[{"taxonomy":"category","embeddable":true,"href":"https:\/\/www.art-en-jeu.ch\/home_wp\/wp-json\/wp\/v2\/categories?post=3727"},{"taxonomy":"post_tag","embeddable":true,"href":"https:\/\/www.art-en-jeu.ch\/home_wp\/wp-json\/wp\/v2\/tags?post=3727"}],"curies":[{"name":"wp","href":"https:\/\/api.w.org\/{rel}","templated":true}]}}