{"id":4106,"date":"2018-07-29T07:38:00","date_gmt":"2018-07-29T06:38:00","guid":{"rendered":"http:\/\/www.art-en-jeu.ch\/home_wp\/?p=4106"},"modified":"2021-07-29T07:53:33","modified_gmt":"2021-07-29T06:53:33","slug":"alice-bailly","status":"publish","type":"post","link":"https:\/\/www.art-en-jeu.ch\/home_wp\/alice-bailly\/","title":{"rendered":"Alice Bailly"},"content":{"rendered":"\n<p>Winterthour 16 juillet 2021<\/p>\n\n\n\n<p>Kunst Museum, Reinhart am Stadtgarten Expressionismus Schweiz jusqu\u2019au 16 janvier 2022.<\/p>\n\n\n\n<p>Le mus\u00e9e de Winterthur propose une vaste pr\u00e9sentation des diverses formes que l\u2019expressionisme a pu prendre en Suisse au d\u00e9but du XXe si\u00e8cle.<\/p>\n\n\n\n<p>Dans le cadre de cette exposition des oeuvres d&rsquo;Alice Bailly sont pr\u00e9sent\u00e9es et des visites des r\u00e9alisations de l&rsquo;artiste \u00e0 la villa Rychenberg de Winterthur sont propos\u00e9es (3.10; 12.1; et 4.11).<\/p>\n\n\n\n<p>Une exposition Alice Bailly est pr\u00e9sent\u00e9e \u00e0 la\u00a0<a rel=\"noreferrer noopener\" href=\"http:\/\/www.villaflora.ch\/\" target=\"_blank\">Villa Flora<\/a>\u00a0\u00e0 Winterthur jusqu&rsquo;au 22 octobre 2006<\/p>\n\n\n\n<h2 class=\"wp-block-heading\">Alice Bailly La F\u00eate \u00e9trange jusqu&rsquo;au 15 janvier 2006<\/h2>\n\n\n\n<p>Le mus\u00e9e des beaux-arts de Lausanne consacre une vaste r\u00e9trospective \u00e0 Alice Bailly (1872 &#8211; 1938). En montrant 225 oeuvres de cette artiste mal connue, le mus\u00e9e a voulu mettre en \u00e9vidence la coh\u00e9rence du d\u00e9veloppement et des pr\u00e9occupations d&rsquo;une personnalit\u00e9 tr\u00e8s forte qui s&rsquo;est enflamm\u00e9e pour de nombreuses causes. Il s\u2019agit de la premi\u00e8re r\u00e9trospective depuis 1985. Form\u00e9e \u00e0 Gen\u00e8ve et \u00e0 Munich Alice Bailly s\u2019installe \u00e0 Paris en 1906. Elle s\u00e9journe \u00e9galement chez Cuno Amiet \u00e0 Oschwand en 1909. A Paris elle nouera des relations avec Sonia Delaunay, Marie Laurencin, Jean Metzinger. Son travail, c\u00e9l\u00e9br\u00e9 par Apollinaire, s\u2019inscrit tout \u00e0 fait dans les recherches de ces artistes autour de l\u2019orphisme et du futurisme. En 1918-1919, elle participe aux soir\u00e9es du mouvement Dada \u00e0 Zurich. En 1923, elle s\u2019installe \u00e0 Lausanne tout en conservant un atelier \u00e0 Paris, elle meurt \u00e0 Lausanne en 1938 apr\u00e8s avoir notamment r\u00e9alis\u00e9 un important d\u00e9cor,&nbsp;<em>La For\u00eat enchant\u00e9e et Entracte<\/em>&nbsp;pour le foyer du th\u00e9\u00e2tre municipal en 1936.<\/p>\n\n\n\n<p>L&rsquo;approche choisie pour cette r\u00e9trospective est clairement chronologique.<\/p>\n\n\n\n<p>Au fil des salles, on rel\u00e8ve divers point centraux: Les \u00e9tudes \u00e0 Gen\u00e8ve et \u00e0 Munich, les premi\u00e8res impressions d\u00e9cisives, Cuno Amiet, Alexandre Blanchet, Gauguin et l&rsquo;\u00e9cole de Pont Aven. Puis vient d\u00e8s 1911 la d\u00e9couverte du cubisme secondaire: Gleizes, Metzinger et l&rsquo;\u00e9volution vers l&rsquo;orphisme et le futurisme. Les tableaux-laine apparaissent ainsi comme l&rsquo;aboutissement de ces avanc\u00e9es au moment o\u00f9 Alice Bailly est en contact avec le mouvement dada \u00e0 Zurich. Une salle est consacr\u00e9e \u00e0 l&rsquo;importance de la musique dans son oeuvre avec des recherches de mise en relation entre l&rsquo;expression picturale ou graphique et la musique d&rsquo;une part et les portraits de musiciens d&rsquo;autre part. Sous le th\u00e8me&nbsp;<em>Hommage \u00e0 la Dame&nbsp;<\/em>une salle souligne la coh\u00e9rence des pr\u00e9occupations d&rsquo;Alice Baily \u00e0 travers le temps et les \u00e9volutions stylistiques. La ronde des femmes et la rencontre de Rilke; l&rsquo;itin\u00e9rance, Paris, Lausanne, Berne; les portraits; le voyage en Italie \u00e0 Venise et \u00e0 Rome notamment forment les th\u00e8mes principaux retenus dans les salles suivantes. L&rsquo;exposition s&rsquo;ach\u00e8ve sur la recherche de commandes publiques et l&rsquo;aboutissement dans la d\u00e9coration du foyer du th\u00e9\u00e2tre municipal de Lausanne en 1936.<\/p>\n\n\n\n<p>Pendant longtemps ce qui a fascin\u00e9 dans le travail de cette artiste c\u2019est la proximit\u00e9, le c\u00f4toiement des avant-gardes de son temps, et l&rsquo;on a mis l&rsquo;accent sur la p\u00e9riode 1909 &#8211; 1914. Aujourd\u2019hui les chercheurs sont surtout attir\u00e9s par la personnalit\u00e9 f\u00e9minine et l\u2019omnipr\u00e9sence de la femme dans cette \u0153uvre. C\u2019est la raison pour laquelle l\u2019ouverture de l\u2019exposition a \u00e9t\u00e9 marqu\u00e9e par un colloque de deux jours consacr\u00e9 \u00e0 Histoire de l\u2019art et \u00e9tudes de genre.<\/p>\n\n\n\n<figure class=\"wp-block-table\"><table class=\"\"><tbody><tr><td>Patrick Schaefer, L&rsquo;art en jeu, 13 octobre 2005<\/td><\/tr><\/tbody><\/table><\/figure>\n","protected":false},"excerpt":{"rendered":"<p>Winterthour 16 juillet 2021 Kunst Museum, Reinhart am Stadtgarten Expressionismus Schweiz jusqu\u2019au 16 janvier 2022. Le mus\u00e9e de Winterthur propose une vaste pr\u00e9sentation des diverses formes que l\u2019expressionisme a pu prendre en Suisse au d\u00e9but du XXe si\u00e8cle. Dans le cadre de cette exposition des oeuvres d&rsquo;Alice Bailly sont pr\u00e9sent\u00e9es et des visites des r\u00e9alisations [&hellip;]<\/p>\n","protected":false},"author":1,"featured_media":0,"comment_status":"closed","ping_status":"open","sticky":false,"template":"","format":"standard","meta":{"jetpack_post_was_ever_published":false,"_jetpack_newsletter_access":"","_jetpack_dont_email_post_to_subs":false,"_jetpack_newsletter_tier_id":0,"_jetpack_memberships_contains_paywalled_content":false,"_jetpack_memberships_contains_paid_content":false,"footnotes":"","jetpack_publicize_message":"","jetpack_publicize_feature_enabled":true,"jetpack_social_post_already_shared":true,"jetpack_social_options":{"image_generator_settings":{"template":"highway","default_image_id":0,"font":"","enabled":false},"version":2}},"categories":[9,37,54,19,22,1,8,68],"tags":[],"class_list":["post-4106","post","type-post","status-publish","format-standard","hentry","category-art-suisse","category-artistes-suisses","category-estampe","category-expositions","category-musees","category-non-classe","category-peinture","category-theatre"],"jetpack_publicize_connections":[],"jetpack_featured_media_url":"","jetpack_sharing_enabled":true,"jetpack_shortlink":"https:\/\/wp.me\/p5k6Rq-14e","jetpack_likes_enabled":true,"_links":{"self":[{"href":"https:\/\/www.art-en-jeu.ch\/home_wp\/wp-json\/wp\/v2\/posts\/4106","targetHints":{"allow":["GET"]}}],"collection":[{"href":"https:\/\/www.art-en-jeu.ch\/home_wp\/wp-json\/wp\/v2\/posts"}],"about":[{"href":"https:\/\/www.art-en-jeu.ch\/home_wp\/wp-json\/wp\/v2\/types\/post"}],"author":[{"embeddable":true,"href":"https:\/\/www.art-en-jeu.ch\/home_wp\/wp-json\/wp\/v2\/users\/1"}],"replies":[{"embeddable":true,"href":"https:\/\/www.art-en-jeu.ch\/home_wp\/wp-json\/wp\/v2\/comments?post=4106"}],"version-history":[{"count":3,"href":"https:\/\/www.art-en-jeu.ch\/home_wp\/wp-json\/wp\/v2\/posts\/4106\/revisions"}],"predecessor-version":[{"id":4113,"href":"https:\/\/www.art-en-jeu.ch\/home_wp\/wp-json\/wp\/v2\/posts\/4106\/revisions\/4113"}],"wp:attachment":[{"href":"https:\/\/www.art-en-jeu.ch\/home_wp\/wp-json\/wp\/v2\/media?parent=4106"}],"wp:term":[{"taxonomy":"category","embeddable":true,"href":"https:\/\/www.art-en-jeu.ch\/home_wp\/wp-json\/wp\/v2\/categories?post=4106"},{"taxonomy":"post_tag","embeddable":true,"href":"https:\/\/www.art-en-jeu.ch\/home_wp\/wp-json\/wp\/v2\/tags?post=4106"}],"curies":[{"name":"wp","href":"https:\/\/api.w.org\/{rel}","templated":true}]}}