{"id":691,"date":"2015-07-09T08:19:37","date_gmt":"2015-07-09T07:19:37","guid":{"rendered":"http:\/\/www.art-en-jeu.ch\/home_wp\/?p=691"},"modified":"2019-09-09T16:50:07","modified_gmt":"2019-09-09T15:50:07","slug":"lestampe-en-suisse","status":"publish","type":"post","link":"https:\/\/www.art-en-jeu.ch\/home_wp\/lestampe-en-suisse\/","title":{"rendered":"L&rsquo;estampe en Suisse"},"content":{"rendered":"<p>Cette page est consacr\u00e9e \u00e0 l&rsquo;estampe en Suisse.<\/p>\n<p><span style=\"color: #0000ff;\">Morges 8 septembre 2019<\/span><\/p>\n<p>Pour sa cinqui\u00e8me \u00e9dition tirage limit\u00e9, qui suit un rythme triennal, \u00a0joue la confluence en occupant la magnifique maison du mus\u00e9e Forel \u00e0 Morges pendant le week-end du Livre sur les quais. Ainsi les amateurs de livres et de beaux livres \u00e0 tirage limit\u00e9 ne sont pas \u00e9cartel\u00e9s entre Lausanne et Morges.<br \/>\nTirage limit\u00e9 oui et m\u00eame tirage unique, car la tendance explor\u00e9e par certains va de plus en plus vers l\u2019exemplaire unique qui recourt au format du livre, mais plus rarement aux techniques d\u2019impression qui permettent la multiplication.<br \/>\nLes \u00e9coles d\u2019art sont aussi pr\u00e9sentes avec de nombreux travaux. On d\u00e9couvre \u00e9galement des \u00e9ditions plus l\u00e9g\u00e8res, alternatives comme Ripop\u00e9e.<\/p>\n<p>La Biblioth\u00e8que cantonale et universitaire organise un concours auquel 26 artistes ont pris part. Le th\u00e8me impos\u00e9 \u00e9tait l&rsquo;illustration d&rsquo;un texte de Pierre Frankhauser (1975) \u00e9voquant une exp\u00e9rience scout: \u00ab\u00a0la vis\u00e9e\u00a0\u00bb<\/p>\n<p><span style=\"color: #0000ff;\">2018 Mus\u00e9e des beaux-arts, Le Locle:<\/span> Art imprim\u00e9, Triennale 2018 jusqu&rsquo;au 14 octobre (ferm\u00e9 lundi et mardi).<\/p>\n<p>La Triennale du Locle s&rsquo;ouvre r\u00e9solument au monde en pr\u00e9sentant trois ateliers, \u00e9diteurs internationaux: Borch \u00e9dition \u00e0 Copenhague et Berlin; Crown Point Press \u00e0 San Francisco et STPI, Creative Workshop &amp; Gallery \u00e0 Singapour. La Suisse est pr\u00e9sente avec une invitation \u00e0 la HEAD de Gen\u00e8ve et la pr\u00e9sentation d&rsquo;une s\u00e9lection d&rsquo;oeuvres \u00e9dit\u00e9es par la Soci\u00e9t\u00e9 suisse de gravure qui f\u00eate son centenaire.<\/p>\n<p style=\"font-weight: 500;\"><span style=\"color: #ff0000;\">\u00a02015<\/span><\/p>\n<p style=\"font-weight: 500;\"><span style=\"color: #ff0000;\">Le Locle, Mus\u00e9e des beaux-arts:\u00a0Art imprim\u00e9. Triennale 2015<\/span> et\u00a0Didier Rittener (prix 2010 de la ville du Locle) jusqu&rsquo;au 18 octobre 2015<\/p>\n<p style=\"font-weight: 500;\">Une vingtaine d&rsquo;artistes dont la moiti\u00e9 sont Suisses, alors que les autres proviennent de pays tr\u00e8s divers (Etats-Unis, France, Pologne, Serbie notamment) donnent un excellent aper\u00e7u des formes les plus diverses que l&rsquo;art imprim\u00e9 prend aujourd&rsquo;hui. Claudia Comte qui pr\u00e9sente la d\u00e9composition d&rsquo;une xylographie en couleurs sur deux parois a obtenu le prix 2015 de la ville du Locle. Certains travaux appartiennent r\u00e9solument au domaine de l&rsquo;estampe, alors que d&rsquo;autres sont souvent tr\u00e8s proches du dessin avec l&rsquo;utilisation d&rsquo;imprimantes \u00e0 jets d&rsquo;encre.<\/p>\n<p style=\"font-weight: 500;\"><a href=\"http:\/\/www.mbal.ch\/\" target=\"_blank\" rel=\"noopener\">www.mbal.ch<\/a>\u00a0(ferm\u00e9 lundi et mardi)<!--more--><\/p>\n<hr \/>\n<p>2009<\/p>\n<p><span style=\"color: #ff0000;\">Vevey Cabinet cantonal des estampes Raymond Meyer un atelier d&rsquo;impression au jour le jour<\/span> 26 septembre &#8211; 11 janvier 2009 ( 1\u00e8re s\u00e9quence jusqu&rsquo;au 14 octobre)<\/p>\n<p>Le cabinet des estampes rend hommage \u00e0 l&rsquo;activit\u00e9 du taille-doucier Raymond Meyer actif \u00e0 Pully et \u00e0 Lutry. L&rsquo;exposition prend l&rsquo;aspect d&rsquo;une manifestation en mouvement avec un nouvel accrochage tous les 15 jours pour pr\u00e9senter les activit\u00e9s de l&rsquo;atelier dans leur diversit\u00e9 avec les travaux de trois g\u00e9n\u00e9rations d&rsquo;artistes (de 80 \u00e0 22 ans) et offrir un regard sur des archives impressionnantes accumul\u00e9es en 40 ans de travail intense et obstin\u00e9. Les \u00e9preuves sont suspendues librement sans cadre comme lorsqu&rsquo;elles sont examin\u00e9es par le graveur dans l&rsquo;atelier.<\/p>\n<p>A relever que les nouvelles de l&rsquo;estampe consacrent leur num\u00e9ro de d\u00e9cembre 2008 &#8211; f\u00e9vrier 2009 (no 221\/222) \u00e0 la gravure en Suisse romande sous le titre Gen\u00e8ve et le Mont &#8211; Blanc avec des articles consacr\u00e9s aux institutions et aux ateliers.<\/p>\n<p>Le num\u00e9ro de mai-juin 2008 (no 218) \u00e9tant consacr\u00e9 \u00e0 Raymond Meyer.<\/p>\n<p>Une biographie d\u00e9taill\u00e9e et un portrait de Raymond Meyer par Pierre-Yves Borgeaud: <a href=\"http:\/\/www.fvpc.ch\/cms\/index.php\/component\/k2\/item\/267-prix-de-l\u00e9veil-2012\" target=\"_blank\" rel=\"noopener\">http:\/\/www.fvpc.ch\/cms\/index.php\/component\/k2\/item\/267-prix-de-l\u00e9veil-2012<\/a><\/p>\n<div>\n<hr \/>\n<\/div>\n<p>2005<\/p>\n<p><span style=\"color: #ff0000;\">Gravure suisse 1980 &#8211; 2005 <\/span><\/p>\n<p>Le Helmhaus \u00e0 Zurich propose un panorama de l&rsquo;estampe en Suisse au cours des 25 derni\u00e8res ann\u00e9es: Gravure suisse 1980 &#8211; 2005 jusqu&rsquo;au 8 janvier 2006. Il re\u00e7oit une s\u00e9lection d&rsquo;oeuvres tir\u00e9es des collections de l&rsquo;\u00e9cole polytechnique f\u00e9d\u00e9rale de Zurich. C&rsquo;est int\u00e9ressant parce que l&rsquo;on per\u00e7oit l&rsquo;importance des \u00e9volutions qui marquent ce quart de si\u00e8cle du n\u00e9o-expressionnisme aux recherches digitales actuelles. L&rsquo;exposition r\u00e9unit les travaux d&rsquo;une quarantaine d&rsquo;artistes en couvrant toutes les techniques utilis\u00e9es pour r\u00e9aliser des multiples. Les estampes de Martin Disler et Josef F\u00e9lix M\u00fcller dominent la grande salle du 1er \u00e9tage, pr\u00e9c\u00e9d\u00e9es par la pr\u00e9sentation des travaux n\u00e9o-g\u00e9om\u00e9triques de John Armleder et Jean-Luc Manz notamment et suivies par la pr\u00e9sentation d&rsquo;oeuvres qui utilisent l&rsquo;h\u00e9liogravure comme chez Balthasar Burkhard. Alors qu&rsquo;au second \u00e9tage on d\u00e9couvre surtout les recherches actuelles de Chritian Vetter, Fabrice Gygi, Nic Hess, Kerim Seiler ou Dominique L\u00e4mmli, par exemple qui utilisent des techniques d&rsquo;impression traditionnelles, mais aussi la photographie et l&rsquo;image digitalis\u00e9e. Bien que les d\u00e9marches et les personnalit\u00e9s retenues soient nombreuses, on pense aussi \u00e0 beaucoup d&rsquo;absents, ce qui est r\u00e9v\u00e9lateur de la richesse de la sc\u00e8ne de l&rsquo;estampe en Suisse. A ce sujet il faut dire qu&rsquo;il existe une instance de cons\u00e9cration \u00e0 travers les \u00e9ditions annuelles propos\u00e9es par la Soci\u00e9t\u00e9 suisse de gravure qui sont d\u00e9pos\u00e9es dans la collection de l&rsquo;Ecole polytechnique \u00e0 Zurich, mais ce n&rsquo;est pas la seule source de l&rsquo;exposition qui comporte aussi des pi\u00e8ces \u00e9dit\u00e9es ailleurs en particulier par le Verein f\u00fcr original Graphik de Zurich \u00e9galement. Un livre qui couvre l&rsquo;estampe suisse au cours du vingti\u00e8me si\u00e8cle para\u00eet \u00e0 l&rsquo;occasion de cette exposition: Eva Korazija, Schweizerische K\u00fcnstlergraphik im 20. Jahrhundert. Collection graphique de l&rsquo;\u00e9cole polytechnique f\u00e9d\u00e9rale<\/p>\n<hr \/>\n<p>&nbsp;<\/p>\n<p><span style=\"color: #ff0000;\">2004<\/span><\/p>\n<p><span style=\"color: #ff0000;\">Mus\u00e9e des beaux-arts du Locle : Lelocleprints04<\/span> du 5 septembre jusqu\u2019au 28 novembre 2004.<\/p>\n<p>La triennale du Locle dont la premi\u00e8re \u00e9dition date de 1992 innove cette ann\u00e9e. En effet plut\u00f4t que de tenter de d\u00e9finir pr\u00e9alablement dans le r\u00e8glement du concours ce qui rel\u00e8ve du domaine de l\u2019estampe et ce qui n\u2019en rel\u00e8ve pas, les organisateurs ont d\u00e9cid\u00e9 d\u2019accepter toutes les d\u00e9marches qui se consid\u00e8rent comme susceptibles d\u2019entrer dans une telle manifestation, en encourageant m\u00eame la participation au concours de travaux inhabituels ou surprenants. Le concours s\u2019est d\u00e9roul\u00e9 en deux phases 500 travaux provenant de 50 pays ont \u00e9t\u00e9 pr\u00e9sent\u00e9s, et l\u2019exposition propose 57 oeuvres d\u2019un nombre d\u2019artistes \u00e9quivalents, 26 sont Suisses. Quatre prix pour un montant total de 24000.- frs ont \u00e9t\u00e9 attribu\u00e9s. Les laur\u00e9ats sont Fabrice Gygi, Olivier Mosset, Laerte Ramos et Dominique L\u00e4mmli. Evidemment une telle exposition ne joue pas sur l\u2019unit\u00e9 ou le fil conducteur th\u00e9matique, mais bien au contraire sur l\u2019\u00e9clatement et la diversit\u00e9 des d\u00e9marches. Le mus\u00e9e des beaux-arts du Locle qui dispose de vastes locaux sur 3 \u00e9tages a \u00e9galement invit\u00e9 l\u2019atelier d\u2019estampes de l\u2019\u00e9cole sup\u00e9rieure des beaux-arts de Gen\u00e8ve \u00e0 pr\u00e9senter son activit\u00e9. Les oeuvres s\u00e9lectionn\u00e9es sont le reflet des travaux pr\u00e9sent\u00e9s et couvrent un champ de techniques et d&rsquo;approches tr\u00e8s larges. Malgr\u00e9 les nombreux progr\u00e8s technologiques, il n&rsquo;y a pas eu une disparition des techniques traditionnelles et force est de constater qu&rsquo;elles demeurent tr\u00e8s vivantes. Par ailleurs aussi bien en Suisse qu&rsquo;\u00e0 l&rsquo;\u00e9tranger il existe de nombreux ateliers d&rsquo;impression qui accueillent les artistes et leur permettent d&rsquo;acc\u00e9der aux diff\u00e9rents proc\u00e9d\u00e9s. Enfin les \u00e9diteurs, les soci\u00e9t\u00e9s d&rsquo;art graphiques ou les institutions mus\u00e9ales jouent un r\u00f4le fondamental en incitant \u00e0 la cr\u00e9ation de ce type d&rsquo;oeuvres et en les diffusant. Les organisateurs de l&rsquo;exposition ont jou\u00e9 avec les technologies modernes. Le site internet de la manifestation permettait de suivre le d\u00e9roulement du concours et son r\u00e8glement. Par ailleurs le catalogue existe en version imprim\u00e9e et sous la forme d&rsquo;un cd-rom. Cette approche illustre le souhait de susciter la participation la plus large possible et le montant des prix d&rsquo;attirer la participation d&rsquo;artistes importants. Quelques sites en Suisse: Collection graphique de l&rsquo;\u00e9cole polytechnique f\u00e9d\u00e9rale <a href=\"http:\/\/www.gs.ethz.ch\/\" target=\"_blank\" rel=\"noopener\">http:\/\/www.gs.ethz.ch\/<\/a><\/p>\n<p>&nbsp;<\/p>\n<hr \/>\n<p>2004<\/p>\n<p><span style=\"color: #ff0000;\">Media Mix Les \u00e9ditions m\u00e9dia de Neuch\u00e2tel<\/span>, une s\u00e9lection. Depuis 1971 plus de 70 artistes ont \u00e9t\u00e9 \u00e9dit\u00e9s et imprim\u00e9 en s\u00e9rigraphie par Marc Hostettler \u00e0 Neuch\u00e2tel. Ce dernier a \u00e9galement invit\u00e9 un grand nombre d&rsquo;entre eux \u00e0 intervenir dans ou autour de l&rsquo;h\u00f4tel de la Furka au col, du m\u00eame nom de 1983 \u00e0 1999. L&rsquo;exposition pr\u00e9sente une vingtaine d&rsquo;artistes. Dans deux petites salles on d\u00e9couvre John Hilliard d&rsquo;un c\u00f4t\u00e9, Hamish Fulton et Richard Long de l&rsquo;autre. Plus loin l&rsquo;abstraction concr\u00e8te zurichoise avec Max Bill, 7 Twins, 1977, Verena Loewensberg (1982), Richard-Paul Lohse (1980), Camille Graeser (1977), des artistes anglais Jeffrey Steele, fran\u00e7ais, Fran\u00e7ois Morellet (1974). Une grand salle pr\u00e9sente sur un mur diff\u00e9rent \u00e0 chaque fois, G\u00fcnther F\u00f6rg (1993 et 1998), John Armleder (1992 et 1996), Jean-Luc Manz ( 1994 et 2004), Lawrence Weiner(1988) et Olivier Mosset (1980 et 1984), enfin la troisi\u00e8me est consac\u00e9e \u00e0 trois sculptures form\u00e9es de plaques install\u00e9es sur le sol et un mur de dessins de Royden Rabinowitch invit\u00e9 par Marc Hostettler avec cet ensemble qui porte le titre Ethics of Stan Laurel &amp; Oliver Hardy.<\/p>\n<p>Mus\u00e9e des Beaux-Arts de la Chaux-de-Fonds jusqu&rsquo;au 8 ao\u00fbt 2004<\/p>\n<p>Le centre culturel suisse \u00e0 Paris pr\u00e9sente au Centre Pompidou: <em>L&rsquo;exp\u00e9rience Furkart<\/em> du 19 f\u00e9vrier au 10 mars 2014 avec notamment une vid\u00e9o de Stefan Sulzer <em>White Silence<\/em> 2011.<\/p>\n<p>Note de novembre 2013, une th\u00e8se a \u00e9t\u00e9 consacr\u00e9e \u00e0 l&rsquo;aventure de la Furka: J\u00fcrgen Grath, Furk&rsquo;art &#8211; Spuren des Ephemeren, Herbert Utz Verlag, M\u00fcnchen, 2012.<\/p>\n<p>&nbsp;<\/p>\n","protected":false},"excerpt":{"rendered":"<p>Cette page est consacr\u00e9e \u00e0 l&rsquo;estampe en Suisse. Morges 8 septembre 2019 Pour sa cinqui\u00e8me \u00e9dition tirage limit\u00e9, qui suit un rythme triennal, \u00a0joue la confluence en occupant la magnifique maison du mus\u00e9e Forel \u00e0 Morges pendant le week-end du Livre sur les quais. Ainsi les amateurs de livres et de beaux livres \u00e0 tirage [&hellip;]<\/p>\n","protected":false},"author":1,"featured_media":0,"comment_status":"closed","ping_status":"open","sticky":false,"template":"","format":"standard","meta":{"jetpack_post_was_ever_published":false,"_jetpack_newsletter_access":"","_jetpack_dont_email_post_to_subs":false,"_jetpack_newsletter_tier_id":0,"_jetpack_memberships_contains_paywalled_content":false,"_jetpack_memberships_contains_paid_content":false,"footnotes":"","jetpack_publicize_message":"","jetpack_publicize_feature_enabled":true,"jetpack_social_post_already_shared":true,"jetpack_social_options":{"image_generator_settings":{"template":"highway","default_image_id":0,"font":"","enabled":false},"version":2}},"categories":[9,37,54,19,22,1],"tags":[],"class_list":["post-691","post","type-post","status-publish","format-standard","hentry","category-art-suisse","category-artistes-suisses","category-estampe","category-expositions","category-musees","category-non-classe"],"jetpack_publicize_connections":[],"jetpack_featured_media_url":"","jetpack_sharing_enabled":true,"jetpack_shortlink":"https:\/\/wp.me\/p5k6Rq-b9","jetpack_likes_enabled":true,"_links":{"self":[{"href":"https:\/\/www.art-en-jeu.ch\/home_wp\/wp-json\/wp\/v2\/posts\/691","targetHints":{"allow":["GET"]}}],"collection":[{"href":"https:\/\/www.art-en-jeu.ch\/home_wp\/wp-json\/wp\/v2\/posts"}],"about":[{"href":"https:\/\/www.art-en-jeu.ch\/home_wp\/wp-json\/wp\/v2\/types\/post"}],"author":[{"embeddable":true,"href":"https:\/\/www.art-en-jeu.ch\/home_wp\/wp-json\/wp\/v2\/users\/1"}],"replies":[{"embeddable":true,"href":"https:\/\/www.art-en-jeu.ch\/home_wp\/wp-json\/wp\/v2\/comments?post=691"}],"version-history":[{"count":6,"href":"https:\/\/www.art-en-jeu.ch\/home_wp\/wp-json\/wp\/v2\/posts\/691\/revisions"}],"predecessor-version":[{"id":3356,"href":"https:\/\/www.art-en-jeu.ch\/home_wp\/wp-json\/wp\/v2\/posts\/691\/revisions\/3356"}],"wp:attachment":[{"href":"https:\/\/www.art-en-jeu.ch\/home_wp\/wp-json\/wp\/v2\/media?parent=691"}],"wp:term":[{"taxonomy":"category","embeddable":true,"href":"https:\/\/www.art-en-jeu.ch\/home_wp\/wp-json\/wp\/v2\/categories?post=691"},{"taxonomy":"post_tag","embeddable":true,"href":"https:\/\/www.art-en-jeu.ch\/home_wp\/wp-json\/wp\/v2\/tags?post=691"}],"curies":[{"name":"wp","href":"https:\/\/api.w.org\/{rel}","templated":true}]}}