{"id":816,"date":"2015-08-28T13:17:52","date_gmt":"2015-08-28T12:17:52","guid":{"rendered":"http:\/\/www.art-en-jeu.ch\/home_wp\/?p=816"},"modified":"2017-05-06T12:55:24","modified_gmt":"2017-05-06T11:55:24","slug":"journees-photographiques-de-bienne","status":"publish","type":"post","link":"https:\/\/www.art-en-jeu.ch\/home_wp\/journees-photographiques-de-bienne\/","title":{"rendered":"Journ\u00e9es photographiques de Bienne"},"content":{"rendered":"<p><span style=\"color: #ff0000;\">Bienne mai 2017<\/span>. Journ\u00e9es photographiques du 5 au 28 mai: Extr\u00eame<\/p>\n<p><span style=\"color: #ff0000;\">Bienne 27 ao\u00fbt 2015.\u00a0<\/span>Journ\u00e9es photographiques de Bienne jusq&rsquo;au 20 septembre 2015. Le th\u00e8me de cette ann\u00e9e est <em>Adaptation<\/em>.<\/p>\n<p>Festival de la photographie \u00e9mergente, les journ\u00e9es photographiques ne sont pas le r\u00e9sultat d&rsquo;un concours, mais d&rsquo;un choix curatorial. Elles proposent 22 expositions r\u00e9parties entre artistes suisses et \u00e9trangers \u00e0 50% dans divers lieux de la ville. Elles dressent une sorte d&rsquo;\u00e9tat du monde \u00e0 travers des situations qui rel\u00e8vent de l&rsquo;urbanisme, de la science ou de l&rsquo;anthropologie.<!--more--><\/p>\n<p><span style=\"color: #ff0000;\">Bienne 6 septembre 2013<\/span> Journ\u00e9es photographiques de Bienne jusqu&rsquo;au 29 septembre.<\/p>\n<p><em>Inflexions. Un monde en \u00e9quilibre &#8211; d\u00e9s\u00e9quilibre<\/em>, un moyen d&rsquo;expression en constante mutation, aux innombrables possibilit\u00e9s; ce sont ces deux aspects de la r\u00e9alit\u00e9 photographique aujourd&rsquo;hui que les journ\u00e9es photographiques de Bienne \u00e9voquent par une \u00e9tonnante confrontation de d\u00e9marches tr\u00e8s diverses. 25 expositions sont r\u00e9parties dans la ville. Illustrons cette vari\u00e9t\u00e9 par quelques exemples. Ursula Bielmann avec Deep Weather, montre la population du Bangladesh qui lutte contre les inondations. Christophe Chammartin documente les paradoxes de l&rsquo;agriculture en Roumanie: d&rsquo;un c\u00f4t\u00e9 ceux qui doivent s&rsquo;expatrier en raison de la mis\u00e8re et de l&rsquo;autre ceux qui, venus d&rsquo;Allemagne ou de Suisse, d\u00e9veloppent de grands domaines gr\u00e2ce aux subventions europ\u00e9ennes. La manifestation montre aussi le tr\u00e8s beau film d&rsquo;Adrian Paci, The Column qui \u00e9voque la r\u00e9alisation d&rsquo;une colonne en marbre sur un bateau en mer, pour \u00e9conomiser du temps et de l&rsquo;argent. Will Steacy s&rsquo;int\u00e9resse aux \u00e9branlements qui touchent le monde de la presse avec la disparition des journaux. Sur le plan des techniques maintenant. Gr\u00e9goire Cheneau pr\u00e9sente de grands portraits ceux-ci sont form\u00e9s par l&rsquo;accumulation d&rsquo;innombrables photos (100 prises de vue en 2 heures) qui permettent de rendre compte de la complexit\u00e9 de la repr\u00e9sentation d&rsquo;un \u00eatre humain, \u00e0 l&rsquo;oppos\u00e9 de l&rsquo;instantan\u00e9. Dans une d\u00e9marche qui se rapproche des probl\u00e8mes soulev\u00e9s dans les portraits peints de Lucian Freud. Maya Rochat explore diff\u00e9rents supports du m\u00e9dium photographique, la b\u00e2che, le papier peint. D&rsquo;autres domaines d&rsquo;utilisation de la photographie sont \u00e9voqu\u00e9s avec la revue de mode Dorade. La manifestation soigne un \u00e9quilibre entre les cr\u00e9ateurs locaux, suisses et internationaux. Le prix Rado a \u00e9t\u00e9 d\u00e9cern\u00e9 \u00e0 Olivier Christinat pour des photographies prises au Japon avec un t\u00e9l\u00e9objectif tr\u00e8s puissant et qui invitent \u00e0 une r\u00e9interpr\u00e9tation. Ferm\u00e9 lundi et mardi. Patrick Schaefer L&rsquo;art en jeu, 8 septembre 2013<\/p>\n<p><span style=\"color: #ff0000;\">Bienne 9 septembre 2012<\/span> Les Journ\u00e9es photographiques de Bienne sont \u00e0 d\u00e9couvrir jusqu&rsquo;au 30 septembre. Autour du th\u00e8me tr\u00e8s actuel <em>Voir et \u00eatre vu<\/em>, 24 photographes d\u00e9clinent des comportements bien diff\u00e9rents face \u00e0 cette probl\u00e9matique. Elle touche l&rsquo;appropriation, l&rsquo;image vol\u00e9e, la fronti\u00e8re entre le public et le priv\u00e9, l&rsquo;exhibitionnisme d\u00e9ploy\u00e9 sur la toile ou les innombrables syst\u00e8mes de surveillance qui envahissent le monde actuel. Joan Foncuberta s&rsquo;int\u00e9resse aux autoportraits r\u00e9alis\u00e9s dans un miroir que les gens publient sur la toile, qui r\u00e9v\u00e8lent un exhibitionnisme plus ou moins exacerb\u00e9. Alors qu&rsquo;Edgar Leciejewski r\u00e9alise de grands portraits en pied \u00e0 partir d&rsquo;images flout\u00e9es par google maps. Elles lui offrent un inventaire d&rsquo;attitudes, de poses, des gens se d\u00e9pla\u00e7ant dans la ville, sans se savoir observ\u00e9s, impossible \u00e0 r\u00e9aliser avec un appareil de photo. Anita Cruz-Eberhard inventorie pr\u00e9cis\u00e9ment les 4&rsquo;200 types de cam\u00e9ra de surveillance qui se sont multipli\u00e9es aux Etats-Unis depuis 2001. Erwan Fichou, dans un esprit totalement diff\u00e9rent, avec un appareil sur tr\u00e9pied, r\u00e9alise des portraits d&rsquo;arbres taill\u00e9s le long des rues de Mexico. Il les a transform\u00e9s en miradors en invitant des passants \u00e0 s&rsquo;installer sur ces improbables tourelles. Les approches retenues sont ainsi extr\u00eamement diverses et vont des prises de vue de hasard, inconscientes, aux travaux \u00e0 l&rsquo;esth\u00e9tisme troublant d&rsquo;Amir Hossein Keihani Black Birds. Dans lesquels il se met en sc\u00e8ne couvert d&rsquo;un tchador. Le parcours centr\u00e9 autour du centre PasquArt et dans la vieille ville de Bienne offre une vision \u00e9clat\u00e9e qui invite \u00e0 r\u00e9fl\u00e9chir \u00e0 tous les aspects de l&rsquo;usage de l&rsquo;image aujourd&rsquo;hui. L&rsquo;art en jeu, Patrick Schaefer 9 septembre 2012<\/p>\n<p>Journ\u00e9es photographiques de Bienne 2011 <em>Le temps fait son oeuvre<\/em> jusqu&rsquo;au 25 septembre 2011. L&rsquo;\u00e9dition 2011 des journ\u00e9es photographiques de Bienne marque le 15\u00e8me anniversaire d&rsquo;une manifestation qui a pris de l&rsquo;ampleur avec un budget de 300&rsquo;000fr. et environ 5&rsquo;000 visiteurs attendus. La formule propose un parcours \u00e0 travers Bienne qui se termine \u00e0 Nidau, 26 expositions de photographes suisses et internationaux sont propos\u00e9es. Le th\u00e8me retenu cette ann\u00e9e: le temps fait son oeuvre est vu sous des angles tr\u00e8s diff\u00e9rents. Ils vont de la disparition de l&#8217;empreinte photographique, (photos de famille trouv\u00e9es dans un carton \u00e0 souliers, Seba Curtis) ou m\u00eame de son absence sur le papier sensible, (collection de papiers photos non d\u00e9velopp\u00e9s F. &amp; D. Cartier). De la superposition d&rsquo;images et d&rsquo;\u00e9poque diff\u00e9rentes (das doppelte Lottchen), aux techniques de prises de vue, au montage qui accumulent diff\u00e9rents moments sur la m\u00eame \u00e9preuve ( Jules Spinatsch montage panoramique de vues de cam\u00e9ras de surveillance ou Alban L\u00e9cuyer montage de destructions de b\u00e2timents). La perception de l&rsquo;image peut \u00eatre uniquement nocturne ( Nicole Hametner), \u00e0 moins que le temps de pose ne transforme une image nocturne de la montagne en une image diurne (Roger Frei). Certains adoptent une approche conceptuelle de la r\u00e9p\u00e9tition du quotidien comme Daniel Willen qui r\u00e9alise une \u00e9preuve polaroid de sa tasse de caf\u00e9, toujours la m\u00eame, confront\u00e9e aux titres de la NZZ, tous les jours diff\u00e9rents. Hans-Christian Schink, \u00e0 travers un temps de pose d&rsquo;une heure, transforme le soleil en une barre noire dont la position \u00e9volue comme l&rsquo;aiguille d&rsquo;un cadran solaire. George Aerni quant \u00e0 lui fixe le moment o\u00f9 les gens allument leur t\u00e9l\u00e9vision dans les tours de Hong Kong. L&rsquo;art en jeu, Patrick Schaefer 5 septembre 2011.<\/p>\n<p>Journ\u00e9es photographiques de Bienne: <em>Bande \u00e0 part<\/em> jusqu&rsquo;au 27 septembre 2009 Sous ce titre les journ\u00e9es photographiques ont r\u00e9uni dans 8 lieux des travaux de photographes qui se consacrent \u00e0 la repr\u00e9sentation de divers groupes sociaux, communaut\u00e9s appartenant \u00e0 des univers tr\u00e8s diff\u00e9rents: il peut s&rsquo;agir de marginaux ( Alexander Odermatt, Andri Pol, Ingrid Wildi), de touristes ( Mathieu Gafsou, Oliver Lang), du monde du travail (Christophe Chammartin, Martin Kollar, Catherine Leutenegger, Christian Lutz), de la boxe ( Anja Schori) ou de parano\u00efaques ( Nicolas Savary, Fabian Biasio) notamment. Une place particuli\u00e8re est accord\u00e9e aux photographies de Charles Fr\u00e9ger qui est fascin\u00e9 par les uniformes anciens et ceux qui les portent, mais chaque photographe dispose d&rsquo;un espace complet qui donne un bon aper\u00e7u de son travail. L&rsquo;exposition est tr\u00e8s dense et vari\u00e9e par le th\u00e8me choisi qui est \u00e9videmment vaste et ouvert. Patrick Schaefer L&rsquo;art en jeu 5 septembre 2009<\/p>\n<p>Journ\u00e9es photographiques de Bienne <em>Make believe. Mise en sc\u00e8ne<\/em> jusqu&rsquo;au 28 septembre 2008 Les journ\u00e9es photographiques de Bienne nous invitent \u00e0 d\u00e9couvrir une vingtaine de photographes autour du th\u00e8me de la mise en sc\u00e8ne. Alors que pendant longtemps le monde de la photographie a valoris\u00e9 ce qui semblait spontan\u00e9, instantan\u00e9, pris \u00e0 l&rsquo;improviste ; depuis une vingtaine d&rsquo;ann\u00e9es, c&rsquo;est l&rsquo;illusion, la construction de l&rsquo;image, la mise en sc\u00e8ne qui pr\u00e9dominent largement. Une tendance qui s&rsquo;est encore accentu\u00e9e avec les possibilit\u00e9s offertes par les d\u00e9veloppements de la photographie num\u00e9rique. Loin des grands noms qui ont marqu\u00e9 ces d\u00e9veloppements de Cindy Sherman \u00e0 Jeff Wall ou Andreas Gursky, les journ\u00e9es de Bienne nous proposent un \u00e9tat de la question sur la sc\u00e8ne essentiellement helv\u00e9tique, en pr\u00e9sentant des photographes connus ou moins connus. Un espace est \u00e9galement r\u00e9serv\u00e9 aux \u00e9tudiants de l&rsquo;\u00e9cole d&rsquo;art de Bienne qui ont travaill\u00e9 sur ce th\u00e8me. L&rsquo;exposition se d\u00e9ploie au centre Pasqu&rsquo;art sur un \u00e9tage avec 7 artistes, au mus\u00e9e Schwab, au mus\u00e9e Neuhaus et dans plusieurs lieux d&rsquo;exposition en vieille ville.<\/p>\n","protected":false},"excerpt":{"rendered":"<p>Bienne mai 2017. Journ\u00e9es photographiques du 5 au 28 mai: Extr\u00eame Bienne 27 ao\u00fbt 2015.\u00a0Journ\u00e9es photographiques de Bienne jusq&rsquo;au 20 septembre 2015. Le th\u00e8me de cette ann\u00e9e est Adaptation. Festival de la photographie \u00e9mergente, les journ\u00e9es photographiques ne sont pas le r\u00e9sultat d&rsquo;un concours, mais d&rsquo;un choix curatorial. Elles proposent 22 expositions r\u00e9parties entre artistes [&hellip;]<\/p>\n","protected":false},"author":1,"featured_media":0,"comment_status":"closed","ping_status":"open","sticky":false,"template":"","format":"standard","meta":{"jetpack_post_was_ever_published":false,"_jetpack_newsletter_access":"","_jetpack_dont_email_post_to_subs":false,"_jetpack_newsletter_tier_id":0,"_jetpack_memberships_contains_paywalled_content":false,"_jetpack_memberships_contains_paid_content":false,"footnotes":"","jetpack_publicize_message":"","jetpack_publicize_feature_enabled":true,"jetpack_social_post_already_shared":true,"jetpack_social_options":{"image_generator_settings":{"template":"highway","default_image_id":0,"font":"","enabled":false},"version":2}},"categories":[9,37,35,1,63,36],"tags":[64],"class_list":["post-816","post","type-post","status-publish","format-standard","hentry","category-art-suisse","category-artistes-suisses","category-installations","category-non-classe","category-photographie","category-video","tag-journees-photographiues"],"jetpack_publicize_connections":[],"jetpack_featured_media_url":"","jetpack_sharing_enabled":true,"jetpack_shortlink":"https:\/\/wp.me\/p5k6Rq-da","jetpack_likes_enabled":true,"_links":{"self":[{"href":"https:\/\/www.art-en-jeu.ch\/home_wp\/wp-json\/wp\/v2\/posts\/816","targetHints":{"allow":["GET"]}}],"collection":[{"href":"https:\/\/www.art-en-jeu.ch\/home_wp\/wp-json\/wp\/v2\/posts"}],"about":[{"href":"https:\/\/www.art-en-jeu.ch\/home_wp\/wp-json\/wp\/v2\/types\/post"}],"author":[{"embeddable":true,"href":"https:\/\/www.art-en-jeu.ch\/home_wp\/wp-json\/wp\/v2\/users\/1"}],"replies":[{"embeddable":true,"href":"https:\/\/www.art-en-jeu.ch\/home_wp\/wp-json\/wp\/v2\/comments?post=816"}],"version-history":[{"count":4,"href":"https:\/\/www.art-en-jeu.ch\/home_wp\/wp-json\/wp\/v2\/posts\/816\/revisions"}],"predecessor-version":[{"id":1634,"href":"https:\/\/www.art-en-jeu.ch\/home_wp\/wp-json\/wp\/v2\/posts\/816\/revisions\/1634"}],"wp:attachment":[{"href":"https:\/\/www.art-en-jeu.ch\/home_wp\/wp-json\/wp\/v2\/media?parent=816"}],"wp:term":[{"taxonomy":"category","embeddable":true,"href":"https:\/\/www.art-en-jeu.ch\/home_wp\/wp-json\/wp\/v2\/categories?post=816"},{"taxonomy":"post_tag","embeddable":true,"href":"https:\/\/www.art-en-jeu.ch\/home_wp\/wp-json\/wp\/v2\/tags?post=816"}],"curies":[{"name":"wp","href":"https:\/\/api.w.org\/{rel}","templated":true}]}}